{"id":104508,"date":"2021-09-01T22:45:14","date_gmt":"2021-09-02T03:45:14","guid":{"rendered":"https:\/\/elinformanteperu.com\/?p=104508"},"modified":"2021-09-01T22:45:14","modified_gmt":"2021-09-02T03:45:14","slug":"mtc-dispone-sanciones-para-empresa-involucrada-en-accidente-en-matucana","status":"publish","type":"post","link":"https:\/\/elinformanteperu.com\/index.php\/2021\/09\/01\/mtc-dispone-sanciones-para-empresa-involucrada-en-accidente-en-matucana\/","title":{"rendered":"MTC dispone sanciones para empresa involucrada en accidente en Matucana"},"content":{"rendered":"<p><strong><span style=\"color: #000000;\">El ministro, Juan Silva, inform\u00f3 que suspender\u00e1n el servicio en esa ruta<\/span><\/strong><\/p>\n<p><span style=\"color: #000000;\"><strong>Lima, 01 Setiembre 2021, (ANDINA).-<\/strong> El Ministerio de Transportes y Comunicaciones (MTC) informa que, mediante la Superintendencia de Transporte Terrestre de Personas, Carga y Mercanc\u00edas (Sutran), se ha dispuesto sanciones como la suspensi\u00f3n de la habilitaci\u00f3n del veh\u00edculo y del servicio en dicha ruta de la empresa de transportes Le\u00f3n Express.<\/span><\/p>\n<p><span style=\"color: #000000;\">El MTC tambi\u00e9n lament\u00f3 el tr\u00e1gico accidente ocurrido a la altura del kil\u00f3metro 72 de la Carretera Central, en la localidad de Matucana, cuyas causas son materia de investigaci\u00f3n.<\/span><\/p>\n<p><span style=\"color: #000000;\">Hasta el momento, Sutran ha verificado que el veh\u00edculo cuenta con las autorizaciones respectivas para realizar servicios de transporte, sin embargo, el centro de control y monitoreo determin\u00f3 exceso de velocidad en tramos donde no se permiten esos niveles, y constat\u00f3 que el servicio se inici\u00f3 desde un lugar no autorizado.<\/span><\/p>\n<p><span style=\"color: #000000;\">Apenas se tom\u00f3 conocimiento de este hecho, por disposici\u00f3n del presidente de la Rep\u00fablica, Pedro Castillo, se desplegaron las acciones correspondientes en la zona, en coordinaci\u00f3n con las diferentes instituciones del Estado: PNP, Bomberos, Sutran, Mininter, Minsa y el MTC.<\/span><\/p>\n<p><span style=\"color: #000000;\">Asimismo, la Concesionaria Deviandes puso a disposici\u00f3n su ambulancia y camioneta de auxilio vial para la atenci\u00f3n de los heridos y retir\u00f3 el veh\u00edculo de la zona con una gr\u00faa de arrastre.<\/span><\/p>\n<p><span style=\"color: #000000;\">El ministro de Transportes y Comunicaciones, Juan Silva, tambi\u00e9n expres\u00f3 las condolencias del caso y se comprometi\u00f3 a continuar con las investigaciones.<\/span><\/p>\n<p><span style=\"color: #000000;\">\u00abExpreso mis condolencias a los familiares de las v\u00edctimas del accidente ocurrido en la Carretera Central. He dispuesto una exhaustiva investigaci\u00f3n para determinar las causas de este hecho y sancionar seg\u00fan corresponda\u00bb, asever\u00f3.<\/span><\/p>\n<p><span style=\"color: #000000;\">Precis\u00f3 que viene trabajando coordinadamente con otras instituciones del Estado desde el primer instante de ocurrido el accidente para atender esta emergencia y se brinde la asistencia necesaria a los deudos y personas heridas. \u201cEsta tragedia no solo enluta a los familiares, sino tambi\u00e9n al pa\u00eds en su conjunto\u201d, coment\u00f3.<\/span><\/p>\n<p><span style=\"color: #000000;\">El MTC exhorta a los conductores a respetar las normas de tr\u00e1nsito y cumplir con la velocidad m\u00e1xima permitida durante el desplazamiento, respetando las v\u00edas para evitar comprometer la vida, la integridad y la seguridad de los pasajeros.<\/span><\/p>\n","protected":false},"excerpt":{"rendered":"<p>El ministro, Juan Silva, inform\u00f3 que suspender\u00e1n el servicio en esa ruta Lima, 01 Setiembre 2021, (ANDINA).- El Ministerio de Transportes y Comunicaciones (MTC) informa que, mediante la Superintendencia de Transporte Terrestre de Personas, Carga y Mercanc\u00edas (Sutran), se ha dispuesto sanciones como la suspensi\u00f3n de la habilitaci\u00f3n del veh\u00edculo y del servicio en dicha [&hellip;]<\/p>\n","protected":false},"author":1,"featured_media":104380,"comment_status":"closed","ping_status":"closed","sticky":false,"template":"","format":"standard","meta":{"rop_custom_images_group":[],"rop_custom_messages_group":[],"rop_publish_now":"initial","rop_publish_now_accounts":[],"rop_publish_now_history":[],"rop_publish_now_status":"pending","footnotes":""},"categories":[10],"tags":[6774,2173,318,317],"class_list":["post-104508","post","type-post","status-publish","format-standard","has-post-thumbnail","hentry","category-actualidad-municipal","tag-juan-silva","tag-matucana","tag-ministerio-de-transportes-y-comunicaciones","tag-mtc"],"_links":{"self":[{"href":"https:\/\/elinformanteperu.com\/index.php\/wp-json\/wp\/v2\/posts\/104508","targetHints":{"allow":["GET"]}}],"collection":[{"href":"https:\/\/elinformanteperu.com\/index.php\/wp-json\/wp\/v2\/posts"}],"about":[{"href":"https:\/\/elinformanteperu.com\/index.php\/wp-json\/wp\/v2\/types\/post"}],"author":[{"embeddable":true,"href":"https:\/\/elinformanteperu.com\/index.php\/wp-json\/wp\/v2\/users\/1"}],"replies":[{"embeddable":true,"href":"https:\/\/elinformanteperu.com\/index.php\/wp-json\/wp\/v2\/comments?post=104508"}],"version-history":[{"count":1,"href":"https:\/\/elinformanteperu.com\/index.php\/wp-json\/wp\/v2\/posts\/104508\/revisions"}],"predecessor-version":[{"id":104509,"href":"https:\/\/elinformanteperu.com\/index.php\/wp-json\/wp\/v2\/posts\/104508\/revisions\/104509"}],"wp:featuredmedia":[{"embeddable":true,"href":"https:\/\/elinformanteperu.com\/index.php\/wp-json\/wp\/v2\/media\/104380"}],"wp:attachment":[{"href":"https:\/\/elinformanteperu.com\/index.php\/wp-json\/wp\/v2\/media?parent=104508"}],"wp:term":[{"taxonomy":"category","embeddable":true,"href":"https:\/\/elinformanteperu.com\/index.php\/wp-json\/wp\/v2\/categories?post=104508"},{"taxonomy":"post_tag","embeddable":true,"href":"https:\/\/elinformanteperu.com\/index.php\/wp-json\/wp\/v2\/tags?post=104508"}],"curies":[{"name":"wp","href":"https:\/\/api.w.org\/{rel}","templated":true}]}}