{"id":104244,"date":"2021-08-29T11:06:30","date_gmt":"2021-08-29T16:06:30","guid":{"rendered":"https:\/\/elinformanteperu.com\/?p=104244"},"modified":"2021-08-29T11:06:30","modified_gmt":"2021-08-29T16:06:30","slug":"bancadas-se-pronuncian-tras-voto-de-confianza-a-gabinete-ministerial","status":"publish","type":"post","link":"https:\/\/elinformanteperu.com\/index.php\/2021\/08\/29\/bancadas-se-pronuncian-tras-voto-de-confianza-a-gabinete-ministerial\/","title":{"rendered":"Bancadas se pronuncian tras voto de confianza a Gabinete Ministerial"},"content":{"rendered":"<p><span style=\"color: #000000;\"><strong>Lima, 29 Agosto 2021, (ANDINA).-<\/strong> Luego de que el pleno del Congreso le otorgara la confianza al Gabinete Ministerial que lidera Guido Bellido, las diversas bancadas parlamentarios expresaron sus comentarios respecto a esta decisi\u00f3n.<\/span><\/p>\n<p><span style=\"color: #000000;\">Como se recuerda, el pedido de confianza fue aprobado por 73 congresistas, 50 en contra y ninguna abstenci\u00f3n.<\/span><\/p>\n<p><span style=\"color: #000000;\">El vocero de la bancada de Per\u00fa Libre, Waldemar Cerr\u00f3n, mencion\u00f3 que el voto de confianza representa el fortalecimiento de la democracia en el pa\u00eds.<\/span><\/p>\n<p><span style=\"color: #000000;\">\u201cLas bancadas han decidido apoyar la gobernabilidad. (\u2026) Estamos felices de que la democracia haya vuelto al Congreso, una verdadera democracia respeta los espacios de tolerancia\u201d, indic\u00f3.<\/span><\/p>\n<p><span style=\"color: #000000;\">Asimismo, expres\u00f3 que el voto de confianza respresenta una apuesta por la gobernabilidad, y remarc\u00f3 la importancia de seguir evaluando el desempe\u00f1o de los ministros.<\/span><\/p>\n<p><span style=\"color: #000000;\">\u201cLas bancadas que han apoyado a Per\u00fa Libre est\u00e1n apoyando al Per\u00fa y est\u00e1n apostando por la gobernabilidad. Nos han dicho que van a estar siempre vigilantes de nuestro trabajo, que es lo m\u00e1s correcto y democr\u00e1tico que hemos podido escuchar\u201d, remarc\u00f3.<\/span><\/p>\n<p><span style=\"color: #000000;\">Jos\u00e9 Willams de Avanza Pa\u00eds, una de las bancadas que vot\u00f3 en contra, afirm\u00f3 que hubiera sido mejor para el pa\u00eds efectuar algunos cambios en el Consejo de Ministros, pero siendo consecuentes con la democracia \u00abapoyar\u00e1n al Ejecutivo\u00bb.<\/span><\/p>\n<p><span style=\"color: #000000;\">\u00abPero estaremos vigilantes con lo que hagan y conversaremos con algunos ministros para enterarnos m\u00e1s sobre la pol\u00edtica de Estado que llevar\u00e1n en sus sectores, para ello, vamos a solicitar que vayan a las comisiones y sobre eso veremos que hacemos a continuaci\u00f3n\u00bb, agreg\u00f3.<\/span><\/p>\n<p><span style=\"color: #000000;\">En tanto, el vocero de Alianza para el Progreso, Eduardo Salhuana, manifest\u00f3 que el voto a favor otorgado por 13 de los 15 parlamentarios de su bancada, fue por la democracia, la estabilidad pol\u00edtica y econ\u00f3mica del pa\u00eds, as\u00ed como la gobernabilidad.<\/span><\/p>\n<p><span style=\"color: #000000;\">\u00abEl titular del Consejo de Ministros y el Presidente de la Rep\u00fablica tienen la oportunidad de demostrarle al pa\u00eds no solo sus buenas intenciones, sino la capacidad para gestionar los destinos del pa\u00eds. Este voto no es de ninguna manera un cheque en blanco y ejerceremos con mayor firmeza las atribuciones de control pol\u00edtico y de fiscalizaci\u00f3n\u00bb, se\u00f1al\u00f3.<\/span><\/p>\n<p><span style=\"color: #000000;\">Por su parte, el vocero de Fuerza Popular, Hernando Guerra Garc\u00eda, afirm\u00f3 que al final se dio la confianza a un gabinete, que a su modo de entender, \u00abes el m\u00e1s mediocre\u00bb de la historia.<\/span><\/p>\n<p><span style=\"color: #000000;\">En ese sentido, explic\u00f3 que por esta raz\u00f3n esta agrupaci\u00f3n pol\u00edtica se convertir\u00e1 \u00aben un muro de contenci\u00f3n\u00bb contra cualquier actitud autoritaria.<\/span><\/p>\n<p><span style=\"color: #000000;\">La vocera de Juntos por el Per\u00fa, Ruth Luque, bancada que vot\u00f3 a favor de la confianza, indic\u00f3 que la ratificaci\u00f3n del Gabinete Ministerial permitir\u00e1 garantizar la lucha de los derechos fundamentales, la gobernabilidad y la vigencia de la democracia.<\/span><\/p>\n<p><span style=\"color: #000000;\">\u00abLa decisi\u00f3n que tom\u00f3 el Congreso con voto mayoritario va en el sentido de dejar trabajar a este Gobierno, un Gobierno que en una etapa de pandemia necesita atender las necesidades de la poblaci\u00f3n, reactivar la econom\u00eda, garantizar trabajo y la agricultura\u00bb, asegur\u00f3<\/span><\/p>\n<p><span style=\"color: #000000;\">A su turno, el vocero de Renovaci\u00f3n Popular, Jorge Montoya, se\u00f1al\u00f3 que su bancada consider\u00f3 que el gabinete no se merec\u00eda la confianza, y se\u00f1al\u00f3 que ahora la poblaci\u00f3n debe evaluar el desempe\u00f1o de los ministros.<\/span><\/p>\n<p><span style=\"color: #000000;\">\u201cEl gabinete no se merec\u00eda la confianza y hemos votado en ese sentido. Ahora la poblaci\u00f3n va a verificar si es que la confianza es valida o no, y si cumplen con lo que tiene que cumplir\u201d, precis\u00f3.<\/span><\/p>\n<p><span style=\"color: #000000;\">Refiri\u00f3, adem\u00e1s, que los integrantes de su bancada persistir\u00e1n en plantear mociones de censura en contra de algunos ministros del gabinete, y que el Ejecutivo debe escuchar los planteamientos emitidos desde el Congreso.<\/span><\/p>\n<p><span style=\"color: #000000;\">Por su parte, el vocero de la bancada de Acci\u00f3n Popular, Luis Arag\u00f3n, dijo que el respaldo que este grupo dio al gabinete constituye \u201cuna decisi\u00f3n responsable\u201d.<\/span><\/p>\n<p><span style=\"color: #000000;\">La misma se ajusta a \u201cla m\u00edstica de trabajar y dejar trabajar\u201d que \u2013dijo- caracteriza a su agrupaci\u00f3n. \u201cEs un partido de oposici\u00f3n constructiva, y hemos decidido frenar por un momento esta crisis que vive el pa\u00eds polarizado\u201d.<\/span><\/p>\n<p><span style=\"color: #000000;\">\u201cHemos tomado una decisi\u00f3n responsable demostrando que vamos a ser fieles fiscalizadores\u201d, a\u00f1adi\u00f3. \u201cVamos a trabajar d\u00eda a d\u00eda, fiscalizando a cada ministro\u201d, manifest\u00f3 el parlamentario.<\/span><\/p>\n<p><a href=\"https:\/\/elinformanteperu.com\/wp-content\/uploads\/2021\/08\/gabinete-bellido.jpg\"><img fetchpriority=\"high\" decoding=\"async\" class=\"alignnone size-full wp-image-104246\" src=\"https:\/\/elinformanteperu.com\/wp-content\/uploads\/2021\/08\/gabinete-bellido.jpg\" alt=\"\" width=\"1800\" height=\"1200\" srcset=\"https:\/\/elinformanteperu.com\/wp-content\/uploads\/2021\/08\/gabinete-bellido.jpg 1800w, https:\/\/elinformanteperu.com\/wp-content\/uploads\/2021\/08\/gabinete-bellido-300x200.jpg 300w, https:\/\/elinformanteperu.com\/wp-content\/uploads\/2021\/08\/gabinete-bellido-1024x683.jpg 1024w, https:\/\/elinformanteperu.com\/wp-content\/uploads\/2021\/08\/gabinete-bellido-768x512.jpg 768w, https:\/\/elinformanteperu.com\/wp-content\/uploads\/2021\/08\/gabinete-bellido-1536x1024.jpg 1536w\" sizes=\"(max-width: 1800px) 100vw, 1800px\" \/><\/a><\/p>\n","protected":false},"excerpt":{"rendered":"<p>Lima, 29 Agosto 2021, (ANDINA).- Luego de que el pleno del Congreso le otorgara la confianza al Gabinete Ministerial que lidera Guido Bellido, las diversas bancadas parlamentarios expresaron sus comentarios respecto a esta decisi\u00f3n. Como se recuerda, el pedido de confianza fue aprobado por 73 congresistas, 50 en contra y ninguna abstenci\u00f3n. El vocero de [&hellip;]<\/p>\n","protected":false},"author":1,"featured_media":104245,"comment_status":"closed","ping_status":"closed","sticky":false,"template":"","format":"standard","meta":{"rop_custom_images_group":[],"rop_custom_messages_group":[],"rop_publish_now":"initial","rop_publish_now_accounts":[],"rop_publish_now_history":[],"rop_publish_now_status":"pending","footnotes":""},"categories":[5],"tags":[192,6711],"class_list":["post-104244","post","type-post","status-publish","format-standard","has-post-thumbnail","hentry","category-actualidad-informativa","tag-congreso","tag-guido-bellido"],"_links":{"self":[{"href":"https:\/\/elinformanteperu.com\/index.php\/wp-json\/wp\/v2\/posts\/104244","targetHints":{"allow":["GET"]}}],"collection":[{"href":"https:\/\/elinformanteperu.com\/index.php\/wp-json\/wp\/v2\/posts"}],"about":[{"href":"https:\/\/elinformanteperu.com\/index.php\/wp-json\/wp\/v2\/types\/post"}],"author":[{"embeddable":true,"href":"https:\/\/elinformanteperu.com\/index.php\/wp-json\/wp\/v2\/users\/1"}],"replies":[{"embeddable":true,"href":"https:\/\/elinformanteperu.com\/index.php\/wp-json\/wp\/v2\/comments?post=104244"}],"version-history":[{"count":1,"href":"https:\/\/elinformanteperu.com\/index.php\/wp-json\/wp\/v2\/posts\/104244\/revisions"}],"predecessor-version":[{"id":104247,"href":"https:\/\/elinformanteperu.com\/index.php\/wp-json\/wp\/v2\/posts\/104244\/revisions\/104247"}],"wp:featuredmedia":[{"embeddable":true,"href":"https:\/\/elinformanteperu.com\/index.php\/wp-json\/wp\/v2\/media\/104245"}],"wp:attachment":[{"href":"https:\/\/elinformanteperu.com\/index.php\/wp-json\/wp\/v2\/media?parent=104244"}],"wp:term":[{"taxonomy":"category","embeddable":true,"href":"https:\/\/elinformanteperu.com\/index.php\/wp-json\/wp\/v2\/categories?post=104244"},{"taxonomy":"post_tag","embeddable":true,"href":"https:\/\/elinformanteperu.com\/index.php\/wp-json\/wp\/v2\/tags?post=104244"}],"curies":[{"name":"wp","href":"https:\/\/api.w.org\/{rel}","templated":true}]}}