{"id":104234,"date":"2021-08-27T01:08:09","date_gmt":"2021-08-27T06:08:09","guid":{"rendered":"https:\/\/elinformanteperu.com\/?p=104234"},"modified":"2021-08-27T01:39:02","modified_gmt":"2021-08-27T06:39:02","slug":"accion-popular-tendra-reunion-final-manana-para-definir-voto-de-confianza","status":"publish","type":"post","link":"https:\/\/elinformanteperu.com\/index.php\/2021\/08\/27\/accion-popular-tendra-reunion-final-manana-para-definir-voto-de-confianza\/","title":{"rendered":"Acci\u00f3n Popular tendr\u00e1 reuni\u00f3n final para definir voto de confianza"},"content":{"rendered":"<p><span style=\"color: #000000;\"><strong>Lima, 26 Agosto 2021, (ANDINA).-<\/strong> El congresista de la bancada de Acci\u00f3n Popular, Ilich L\u00f3pez, inform\u00f3 que los integrantes de dicho grupo parlamentario sostendr\u00e1n una reuni\u00f3n final para definir el voto de confianza, tras referir que, en principio, contin\u00faa la intenci\u00f3n de votar en bloque.<\/span><\/p>\n<p><span style=\"color: #000000;\">En ese sentido, se\u00f1al\u00f3 que la sesi\u00f3n de hoy en el pleno del Congreso sirvi\u00f3 para escuchar el mensaje emitido por el titular del Consejo de Ministros, Guido Bellido, aunque consider\u00f3 que hubo muchos \u00abtemas sueltos\u00bb como que el Banco de la Naci\u00f3n compita con las entidades financieras.<\/span><\/p>\n<p><span style=\"color: #000000;\">\u00abHemos tenido una reuni\u00f3n preliminar donde definimos que vamos a votar en bloque, pero ma\u00f1ana vamos a tener una reuni\u00f3n antes de la decisi\u00f3n final, vamos a escuchar todas las observaciones que hagan los colegas respecto a lo que mencion\u00f3 el premier Guido Bellido hoy y tomaremos una decisi\u00f3n\u00bb, dijo en canal N.<\/span><\/p>\n<p><span style=\"color: #000000;\">Asimismo, precis\u00f3 que ma\u00f1ana tendr\u00e1n que escuchar la participaci\u00f3n de los ministros de Estado, donde deben responder, entre otros temas, \u00absobre c\u00f3mo har\u00e1n una segunda reforma agraria sin contar con agua\u00bb.<\/span><\/p>\n<p><span style=\"color: #000000;\">\u00abNosotros vamos a plantear que el Estado garantice el agua en toda las cabeceras de cuenca; por ejemplo, en la sierra central no tenemos muchos proyectos de irrigaci\u00f3n como si lo tienen en el norte y en el sur\u00bb, sostuvo.<\/span><\/p>\n<p><span style=\"color: #000000;\">L\u00f3pez refiri\u00f3 que el 75% de las hortalizas vienen de la sierra central del pa\u00eds, espec\u00edficamente de Tarma (Jun\u00edn) y donde, a su entender, el agro est\u00e1 descuidado y los agricultores viven en condiciones de pobreza.<\/span><\/p>\n<p><span style=\"color: #000000;\">Asimismo, sostuvo que una alternativa para lograr el acceso de cr\u00e9dito a la poblaci\u00f3n es a trav\u00e9s de la cajas municipales y el Banco de la Naci\u00f3n, pues est\u00e1n m\u00e1s adiestrados en el proceso de micro finanzas.<\/span><\/p>\n<p><span style=\"color: #000000;\">Como se recuerda, la presidenta del Congreso, Mar\u00eda del Carmen Alva, suspendi\u00f3 el debate sobre el voto de confianza hasta ma\u00f1ana a las 9:00 horas.<\/span><\/p>\n","protected":false},"excerpt":{"rendered":"<p>Lima, 26 Agosto 2021, (ANDINA).- El congresista de la bancada de Acci\u00f3n Popular, Ilich L\u00f3pez, inform\u00f3 que los integrantes de dicho grupo parlamentario sostendr\u00e1n una reuni\u00f3n final para definir el voto de confianza, tras referir que, en principio, contin\u00faa la intenci\u00f3n de votar en bloque. En ese sentido, se\u00f1al\u00f3 que la sesi\u00f3n de hoy en [&hellip;]<\/p>\n","protected":false},"author":1,"featured_media":104235,"comment_status":"closed","ping_status":"closed","sticky":false,"template":"","format":"standard","meta":{"rop_custom_images_group":[],"rop_custom_messages_group":[],"rop_publish_now":"initial","rop_publish_now_accounts":[],"rop_publish_now_history":[],"rop_publish_now_status":"pending","footnotes":""},"categories":[5],"tags":[326,2613,192,6769],"class_list":["post-104234","post","type-post","status-publish","format-standard","has-post-thumbnail","hentry","category-actualidad-informativa","tag-accion-popular","tag-ap","tag-congreso","tag-ilich-lopez"],"_links":{"self":[{"href":"https:\/\/elinformanteperu.com\/index.php\/wp-json\/wp\/v2\/posts\/104234","targetHints":{"allow":["GET"]}}],"collection":[{"href":"https:\/\/elinformanteperu.com\/index.php\/wp-json\/wp\/v2\/posts"}],"about":[{"href":"https:\/\/elinformanteperu.com\/index.php\/wp-json\/wp\/v2\/types\/post"}],"author":[{"embeddable":true,"href":"https:\/\/elinformanteperu.com\/index.php\/wp-json\/wp\/v2\/users\/1"}],"replies":[{"embeddable":true,"href":"https:\/\/elinformanteperu.com\/index.php\/wp-json\/wp\/v2\/comments?post=104234"}],"version-history":[{"count":2,"href":"https:\/\/elinformanteperu.com\/index.php\/wp-json\/wp\/v2\/posts\/104234\/revisions"}],"predecessor-version":[{"id":104243,"href":"https:\/\/elinformanteperu.com\/index.php\/wp-json\/wp\/v2\/posts\/104234\/revisions\/104243"}],"wp:featuredmedia":[{"embeddable":true,"href":"https:\/\/elinformanteperu.com\/index.php\/wp-json\/wp\/v2\/media\/104235"}],"wp:attachment":[{"href":"https:\/\/elinformanteperu.com\/index.php\/wp-json\/wp\/v2\/media?parent=104234"}],"wp:term":[{"taxonomy":"category","embeddable":true,"href":"https:\/\/elinformanteperu.com\/index.php\/wp-json\/wp\/v2\/categories?post=104234"},{"taxonomy":"post_tag","embeddable":true,"href":"https:\/\/elinformanteperu.com\/index.php\/wp-json\/wp\/v2\/tags?post=104234"}],"curies":[{"name":"wp","href":"https:\/\/api.w.org\/{rel}","templated":true}]}}