{"id":103978,"date":"2021-08-25T00:28:23","date_gmt":"2021-08-25T05:28:23","guid":{"rendered":"https:\/\/elinformanteperu.com\/?p=103978"},"modified":"2021-08-25T00:28:23","modified_gmt":"2021-08-25T05:28:23","slug":"tokio-2020-nadador-peruano-rodrigo-santillan-clasifica-a-la-final-de-100-metros","status":"publish","type":"post","link":"https:\/\/elinformanteperu.com\/index.php\/2021\/08\/25\/tokio-2020-nadador-peruano-rodrigo-santillan-clasifica-a-la-final-de-100-metros\/","title":{"rendered":"Tokio 2020: nadador peruano Rodrigo Santill\u00e1n clasifica a la final de 100 metros"},"content":{"rendered":"<p><strong><span style=\"color: #000000;\">Obtuvo el octavo mejor tiempo de la competencia paral\u00edmpica y disputar\u00e1 la final ma\u00f1ana<\/span><\/strong><\/p>\n<p><span style=\"color: #000000;\"><strong>Tokio, 24 Agosto 2021, (ANDINA).-<\/strong> El atleta paraol\u00edmpico peruano Rodrigo Santill\u00e1n qued\u00f3 en el cuarto lugar de su serie de nataci\u00f3n, modalidad de 100 metros libres, y clasific\u00f3 entre los ocho mejores para la final de esta disciplina que se disputar\u00e1 ma\u00f1ana.<\/span><\/p>\n<p><span style=\"color: #000000;\">El peruano enfrent\u00f3 al ruso Vladimir Danilenko, al brasile\u00f1o Gabriel Dos Santos, al polaco Kamil Otowski y al mexicano Christopher Tronco. Su tiempo fue de 1:07.86 en los primeros 50 metros y cerr\u00f3 su participaci\u00f3n con un tiempo de 2:20.41 al completar los 100 metros.<\/span><\/p>\n<p><span style=\"color: #000000;\">A pesar de haber quedado cuarto en la clasificaci\u00f3n de su serie, el deportista nacional se clasific\u00f3 a la final de la competencia por haber obtenido el octavo mejor tiempo en la tabla general.<\/span><\/p>\n<p><span style=\"color: #000000;\">Santill\u00e1n buscar\u00e1 darle a Per\u00fa su primera medalla en esta competencia, a partir de las 3:30 de la ma\u00f1ana del mi\u00e9rcoles 25 (hora peruana).<\/span><\/p>\n<p><a href=\"https:\/\/elinformanteperu.com\/wp-content\/uploads\/2020\/03\/lima-2019-formacion-talentos-natacion.jpg\"><img fetchpriority=\"high\" decoding=\"async\" class=\"alignnone size-full wp-image-65596\" src=\"https:\/\/elinformanteperu.com\/wp-content\/uploads\/2020\/03\/lima-2019-formacion-talentos-natacion.jpg\" alt=\"\" width=\"500\" height=\"333\" srcset=\"https:\/\/elinformanteperu.com\/wp-content\/uploads\/2020\/03\/lima-2019-formacion-talentos-natacion.jpg 500w, https:\/\/elinformanteperu.com\/wp-content\/uploads\/2020\/03\/lima-2019-formacion-talentos-natacion-300x200.jpg 300w, https:\/\/elinformanteperu.com\/wp-content\/uploads\/2020\/03\/lima-2019-formacion-talentos-natacion-128x85.jpg 128w, https:\/\/elinformanteperu.com\/wp-content\/uploads\/2020\/03\/lima-2019-formacion-talentos-natacion-32x21.jpg 32w\" sizes=\"(max-width: 500px) 100vw, 500px\" \/><\/a><\/p>\n","protected":false},"excerpt":{"rendered":"<p>Obtuvo el octavo mejor tiempo de la competencia paral\u00edmpica y disputar\u00e1 la final ma\u00f1ana Tokio, 24 Agosto 2021, (ANDINA).- El atleta paraol\u00edmpico peruano Rodrigo Santill\u00e1n qued\u00f3 en el cuarto lugar de su serie de nataci\u00f3n, modalidad de 100 metros libres, y clasific\u00f3 entre los ocho mejores para la final de esta disciplina que se disputar\u00e1 [&hellip;]<\/p>\n","protected":false},"author":1,"featured_media":103979,"comment_status":"closed","ping_status":"closed","sticky":false,"template":"","format":"standard","meta":{"rop_custom_images_group":[],"rop_custom_messages_group":[],"rop_publish_now":"initial","rop_publish_now_accounts":[],"rop_publish_now_history":[],"rop_publish_now_status":"pending","footnotes":""},"categories":[8],"tags":[4908,4749],"class_list":["post-103978","post","type-post","status-publish","format-standard","has-post-thumbnail","hentry","category-disciplinas-deportivas","tag-juegos-olimpicos-tokio-2020","tag-tokio-2020"],"_links":{"self":[{"href":"https:\/\/elinformanteperu.com\/index.php\/wp-json\/wp\/v2\/posts\/103978","targetHints":{"allow":["GET"]}}],"collection":[{"href":"https:\/\/elinformanteperu.com\/index.php\/wp-json\/wp\/v2\/posts"}],"about":[{"href":"https:\/\/elinformanteperu.com\/index.php\/wp-json\/wp\/v2\/types\/post"}],"author":[{"embeddable":true,"href":"https:\/\/elinformanteperu.com\/index.php\/wp-json\/wp\/v2\/users\/1"}],"replies":[{"embeddable":true,"href":"https:\/\/elinformanteperu.com\/index.php\/wp-json\/wp\/v2\/comments?post=103978"}],"version-history":[{"count":1,"href":"https:\/\/elinformanteperu.com\/index.php\/wp-json\/wp\/v2\/posts\/103978\/revisions"}],"predecessor-version":[{"id":103980,"href":"https:\/\/elinformanteperu.com\/index.php\/wp-json\/wp\/v2\/posts\/103978\/revisions\/103980"}],"wp:featuredmedia":[{"embeddable":true,"href":"https:\/\/elinformanteperu.com\/index.php\/wp-json\/wp\/v2\/media\/103979"}],"wp:attachment":[{"href":"https:\/\/elinformanteperu.com\/index.php\/wp-json\/wp\/v2\/media?parent=103978"}],"wp:term":[{"taxonomy":"category","embeddable":true,"href":"https:\/\/elinformanteperu.com\/index.php\/wp-json\/wp\/v2\/categories?post=103978"},{"taxonomy":"post_tag","embeddable":true,"href":"https:\/\/elinformanteperu.com\/index.php\/wp-json\/wp\/v2\/tags?post=103978"}],"curies":[{"name":"wp","href":"https:\/\/api.w.org\/{rel}","templated":true}]}}