{"id":103881,"date":"2021-08-22T16:51:56","date_gmt":"2021-08-22T21:51:56","guid":{"rendered":"https:\/\/elinformanteperu.com\/?p=103881"},"modified":"2021-08-22T16:51:56","modified_gmt":"2021-08-22T21:51:56","slug":"ancash-no-reporta-fallecidos-a-causa-de-la-covid-19-hace-48-horas","status":"publish","type":"post","link":"https:\/\/elinformanteperu.com\/index.php\/2021\/08\/22\/ancash-no-reporta-fallecidos-a-causa-de-la-covid-19-hace-48-horas\/","title":{"rendered":"\u00c1ncash no reporta fallecidos a causa de la covid-19 hace 48 horas"},"content":{"rendered":"<p><strong><span style=\"color: #000000;\">En lo va de agosto, es la segunda vez que en dicha regi\u00f3n se repite un indicador alentador<\/span><\/strong><\/p>\n<p><span style=\"color: #000000;\"><strong>Chimbote, 22 Agosto 2021, (ANDINA).-<\/strong> La regi\u00f3n \u00c1ncash cumpli\u00f3 48 horas sin reportar fallecimientos a causa de la covid-19, report\u00f3 la Direcci\u00f3n Regional de Salud (Diresa), seg\u00fan la informaci\u00f3n recogida tanto de los hospitales de toda la regi\u00f3n, as\u00ed como del equipo encargado del levantamiento de cad\u00e1veres de los que mueren en sus viviendas.<\/span><\/p>\n<p><span style=\"color: #000000;\">En lo que va de agosto, es la segunda vez que en \u00c1ncash se repite un indicador bueno en cuanto al la reducci\u00f3n del n\u00famero de decesos por la covid-19. En la primera semana de este mes la regi\u00f3n logr\u00f3 72 horas sin ning\u00fan muerto a causa de la pandemia.<\/span><\/p>\n<p><span style=\"color: #000000;\">Desde el inicio de la emergencia sanitaria hasta la fecha, la regi\u00f3n ha acumulado 2,617 fallecimientos por coronavirus, siendo su \u00edndice de letalidad actual, por cada cien habitantes, de 4.7%.<\/span><\/p>\n<p><span style=\"color: #000000;\">\u00c1ncash actualmente viene vacunando a personas mayores de 40 a\u00f1os. En la v\u00edspera se realiz\u00f3 el Vacunat\u00f3n en la que se aplicaron m\u00e1s de 23,000 dosis a los ciudadanos.<\/span><\/p>\n","protected":false},"excerpt":{"rendered":"<p>En lo va de agosto, es la segunda vez que en dicha regi\u00f3n se repite un indicador alentador Chimbote, 22 Agosto 2021, (ANDINA).- La regi\u00f3n \u00c1ncash cumpli\u00f3 48 horas sin reportar fallecimientos a causa de la covid-19, report\u00f3 la Direcci\u00f3n Regional de Salud (Diresa), seg\u00fan la informaci\u00f3n recogida tanto de los hospitales de toda la [&hellip;]<\/p>\n","protected":false},"author":1,"featured_media":103882,"comment_status":"closed","ping_status":"closed","sticky":false,"template":"","format":"standard","meta":{"rop_custom_images_group":[],"rop_custom_messages_group":[],"rop_publish_now":"initial","rop_publish_now_accounts":[],"rop_publish_now_history":[],"rop_publish_now_status":"pending","footnotes":""},"categories":[10],"tags":[3621,1388,6607],"class_list":["post-103881","post","type-post","status-publish","format-standard","has-post-thumbnail","hentry","category-actualidad-municipal","tag-ancash","tag-chimbote","tag-covid-tercera-ola"],"_links":{"self":[{"href":"https:\/\/elinformanteperu.com\/index.php\/wp-json\/wp\/v2\/posts\/103881","targetHints":{"allow":["GET"]}}],"collection":[{"href":"https:\/\/elinformanteperu.com\/index.php\/wp-json\/wp\/v2\/posts"}],"about":[{"href":"https:\/\/elinformanteperu.com\/index.php\/wp-json\/wp\/v2\/types\/post"}],"author":[{"embeddable":true,"href":"https:\/\/elinformanteperu.com\/index.php\/wp-json\/wp\/v2\/users\/1"}],"replies":[{"embeddable":true,"href":"https:\/\/elinformanteperu.com\/index.php\/wp-json\/wp\/v2\/comments?post=103881"}],"version-history":[{"count":1,"href":"https:\/\/elinformanteperu.com\/index.php\/wp-json\/wp\/v2\/posts\/103881\/revisions"}],"predecessor-version":[{"id":103883,"href":"https:\/\/elinformanteperu.com\/index.php\/wp-json\/wp\/v2\/posts\/103881\/revisions\/103883"}],"wp:featuredmedia":[{"embeddable":true,"href":"https:\/\/elinformanteperu.com\/index.php\/wp-json\/wp\/v2\/media\/103882"}],"wp:attachment":[{"href":"https:\/\/elinformanteperu.com\/index.php\/wp-json\/wp\/v2\/media?parent=103881"}],"wp:term":[{"taxonomy":"category","embeddable":true,"href":"https:\/\/elinformanteperu.com\/index.php\/wp-json\/wp\/v2\/categories?post=103881"},{"taxonomy":"post_tag","embeddable":true,"href":"https:\/\/elinformanteperu.com\/index.php\/wp-json\/wp\/v2\/tags?post=103881"}],"curies":[{"name":"wp","href":"https:\/\/api.w.org\/{rel}","templated":true}]}}