{"id":103878,"date":"2021-08-22T16:41:57","date_gmt":"2021-08-22T21:41:57","guid":{"rendered":"https:\/\/elinformanteperu.com\/?p=103878"},"modified":"2021-08-22T16:41:57","modified_gmt":"2021-08-22T21:41:57","slug":"pasco-fuertes-vientos-danan-viviendas-en-comunidad-la-libertad-de-puerto-bermudez","status":"publish","type":"post","link":"https:\/\/elinformanteperu.com\/index.php\/2021\/08\/22\/pasco-fuertes-vientos-danan-viviendas-en-comunidad-la-libertad-de-puerto-bermudez\/","title":{"rendered":"Pasco: fuertes vientos da\u00f1an viviendas en comunidad La Libertad de Puerto Berm\u00fadez"},"content":{"rendered":"<p><strong><span style=\"color: #000000;\">Coer inform\u00f3 adem\u00e1s que en el distrito de Tinyahuarco 360 familias sufren de enfermedades respiratorias por heladas<\/span><\/strong><\/p>\n<p><span style=\"color: #000000;\"><strong>Pasco, 22 Agosto 2021, (ANDINA).-<\/strong> El techo de varias viviendas fueron afectados, mientras una casa de material r\u00fastico colaps\u00f3 en su totalidad como consecuencia de los vientos fuertes registrados en el sector conocido como La Libertad, en el distrito de Puerto Berm\u00fadez, provincia de Oxapampa, regi\u00f3n Pasco.<\/span><\/p>\n<p><span style=\"color: #000000;\">Seg\u00fan el reporte del Centro de Operaciones de Emergencia Regional (COER) Pasco, el hecho se inici\u00f3 con peque\u00f1os silbidos, a los que le siguieron los intensos vientos que causaron temor y puso en vilo a la poblaci\u00f3n.<\/span><\/p>\n<p><span style=\"color: #000000;\">Lamentablemente, una vivienda de material r\u00fastico, de 10 metros de largo por 4 metros de ancho, se desplom\u00f3 resultando afectados los integrantes de la familia Mendoza Huerta, indica el reporte del COER.<\/span><\/p>\n<p><span style=\"color: #000000;\">Alertados del fen\u00f3meno natural, personal de la oficina de Gesti\u00f3n de Riesgo de Desastre realiz\u00f3 la verificaci\u00f3n de las casas afectadas en el lugar de los hechos, a fin de levantar la ficha de Evaluaci\u00f3n de Da\u00f1os y An\u00e1lisis de Necesidades (EDAN).<\/span><\/p>\n<p><span style=\"color: #000000;\">Una vez que tenga la informaci\u00f3n correspondiente sobre los da\u00f1os, se brindar\u00e1 la ayuda humanitaria para los damnificados.<\/span><\/p>\n<p><span style=\"color: #000000;\">De otro lado, el COER Pasco dio a conocer que recepcionaron la informaci\u00f3n respecto a que a consecuencia de las heladas sufren enfermedades respiratorias 360 familias del centro poblado de Colquijirca y las comunidades campesinas Villa de Pasco, Smelter, Huaraucaca, Lancari, Racracancha, Colquijirca y Anexo Ocroyok, Gopash, Pilcocancha, Jupayragra, del distrito de Tinyahuarco.<\/span><\/p>\n<p><span style=\"color: #000000;\">Tambi\u00e9n se han puesto en marcha las acciones para apoyar a las familias afectadas.<\/span><\/p>\n","protected":false},"excerpt":{"rendered":"<p>Coer inform\u00f3 adem\u00e1s que en el distrito de Tinyahuarco 360 familias sufren de enfermedades respiratorias por heladas Pasco, 22 Agosto 2021, (ANDINA).- El techo de varias viviendas fueron afectados, mientras una casa de material r\u00fastico colaps\u00f3 en su totalidad como consecuencia de los vientos fuertes registrados en el sector conocido como La Libertad, en el [&hellip;]<\/p>\n","protected":false},"author":1,"featured_media":103879,"comment_status":"closed","ping_status":"closed","sticky":false,"template":"","format":"standard","meta":{"rop_custom_images_group":[],"rop_custom_messages_group":[],"rop_publish_now":"initial","rop_publish_now_accounts":[],"rop_publish_now_history":[],"rop_publish_now_status":"pending","footnotes":""},"categories":[10],"tags":[2519,1057],"class_list":["post-103878","post","type-post","status-publish","format-standard","has-post-thumbnail","hentry","category-actualidad-municipal","tag-cerro-de-pasco","tag-coer"],"_links":{"self":[{"href":"https:\/\/elinformanteperu.com\/index.php\/wp-json\/wp\/v2\/posts\/103878","targetHints":{"allow":["GET"]}}],"collection":[{"href":"https:\/\/elinformanteperu.com\/index.php\/wp-json\/wp\/v2\/posts"}],"about":[{"href":"https:\/\/elinformanteperu.com\/index.php\/wp-json\/wp\/v2\/types\/post"}],"author":[{"embeddable":true,"href":"https:\/\/elinformanteperu.com\/index.php\/wp-json\/wp\/v2\/users\/1"}],"replies":[{"embeddable":true,"href":"https:\/\/elinformanteperu.com\/index.php\/wp-json\/wp\/v2\/comments?post=103878"}],"version-history":[{"count":1,"href":"https:\/\/elinformanteperu.com\/index.php\/wp-json\/wp\/v2\/posts\/103878\/revisions"}],"predecessor-version":[{"id":103880,"href":"https:\/\/elinformanteperu.com\/index.php\/wp-json\/wp\/v2\/posts\/103878\/revisions\/103880"}],"wp:featuredmedia":[{"embeddable":true,"href":"https:\/\/elinformanteperu.com\/index.php\/wp-json\/wp\/v2\/media\/103879"}],"wp:attachment":[{"href":"https:\/\/elinformanteperu.com\/index.php\/wp-json\/wp\/v2\/media?parent=103878"}],"wp:term":[{"taxonomy":"category","embeddable":true,"href":"https:\/\/elinformanteperu.com\/index.php\/wp-json\/wp\/v2\/categories?post=103878"},{"taxonomy":"post_tag","embeddable":true,"href":"https:\/\/elinformanteperu.com\/index.php\/wp-json\/wp\/v2\/tags?post=103878"}],"curies":[{"name":"wp","href":"https:\/\/api.w.org\/{rel}","templated":true}]}}