{"id":103875,"date":"2021-08-22T16:31:08","date_gmt":"2021-08-22T21:31:08","guid":{"rendered":"https:\/\/elinformanteperu.com\/?p=103875"},"modified":"2021-08-22T16:31:08","modified_gmt":"2021-08-22T21:31:08","slug":"lambayeque-confirman-primer-caso-de-la-variante-delta-en-esta-region","status":"publish","type":"post","link":"https:\/\/elinformanteperu.com\/index.php\/2021\/08\/22\/lambayeque-confirman-primer-caso-de-la-variante-delta-en-esta-region\/","title":{"rendered":"Lambayeque: confirman primer caso de la variante delta en esta regi\u00f3n"},"content":{"rendered":"<p><strong><span style=\"color: #000000;\">Se trata de una persona de sexo masculino procedente de distrito de Pimentel, precis\u00f3 la Geresa<\/span><\/strong><\/p>\n<p><span style=\"color: #000000;\"><strong>Lambayeque, 22 Agosto 2021, (ANDINA).-<\/strong> Autoridades de la Gerencia Regional de Salud (Geresa) de Lambayeque confirmaron el primer caso de la presencia de variante SARS-CoV-2 DELTA en esta norte\u00f1a localidad, luego de recibir mediante Oficio N\u00aa 2608-2021-JEF-OPE\/INS, del Instituto Nacional de Salud del Ministerio de Salud, la confirmaci\u00f3n de una muestra que dio positivo.<\/span><\/p>\n<p><span style=\"color: #000000;\">Dicha informaci\u00f3n fue notificada en la v\u00edspera, por lo que personal de la Geresa acudi\u00f3 inmediatamente con las brigadas del sector al domicilio del paciente para la intervenci\u00f3n sanitaria correspondiente y la toma de muestras a sus contactos directos.<\/span><\/p>\n<p><span style=\"color: #000000;\">Refirieron que el caso corresponde a una persona adulta de sexo masculino, procedente del distrito de Pimentel, y que se desplaz\u00f3 d\u00edas anteriores por la ciudad del Cusco.<\/span><\/p>\n<p><span style=\"color: #000000;\">Tras presentar s\u00edntomas como tos, dolor de cabeza, fiebre, diarrea y dolor de espalda, el var\u00f3n fue atendido oportunamente en el centro de salud de Pimentel y pas\u00f3 a un periodo estricto de aislamiento domiciliario por 18 d\u00edas.<\/span><\/p>\n<p><span style=\"color: #000000;\">Actualmente, se encuentra estable con recuperaci\u00f3n favorable y monitoreo por personal de Salud.<\/span><\/p>\n<p><span style=\"color: #000000;\">La Geresa invoc\u00f3 a la poblaci\u00f3n lambayecana a no bajar la guardia y reforzar las medidas de prevenci\u00f3n como uso de doble mascarilla, protector facial, lavado frecuente de manos, distanciamiento f\u00edsico, evitar reuniones familiares y sociales, adem\u00e1s de no acudir a lugares concurridos.<\/span><\/p>\n<p><span style=\"color: #000000;\">Desde la Gerencia Regional de Salud Lambayeque se continuar\u00e1 reforzando el sistema sanitario, a fin de garantizar una adecuada y oportuna atenci\u00f3n a la poblaci\u00f3n.<\/span><\/p>\n","protected":false},"excerpt":{"rendered":"<p>Se trata de una persona de sexo masculino procedente de distrito de Pimentel, precis\u00f3 la Geresa Lambayeque, 22 Agosto 2021, (ANDINA).- Autoridades de la Gerencia Regional de Salud (Geresa) de Lambayeque confirmaron el primer caso de la presencia de variante SARS-CoV-2 DELTA en esta norte\u00f1a localidad, luego de recibir mediante Oficio N\u00aa 2608-2021-JEF-OPE\/INS, del Instituto [&hellip;]<\/p>\n","protected":false},"author":1,"featured_media":103876,"comment_status":"closed","ping_status":"closed","sticky":false,"template":"","format":"standard","meta":{"rop_custom_images_group":[],"rop_custom_messages_group":[],"rop_publish_now":"initial","rop_publish_now_accounts":[],"rop_publish_now_history":[],"rop_publish_now_status":"pending","footnotes":""},"categories":[10,5745],"tags":[6607,3861],"class_list":["post-103875","post","type-post","status-publish","format-standard","has-post-thumbnail","hentry","category-actualidad-municipal","category-lo-ultimo","tag-covid-tercera-ola","tag-lambayeque"],"_links":{"self":[{"href":"https:\/\/elinformanteperu.com\/index.php\/wp-json\/wp\/v2\/posts\/103875","targetHints":{"allow":["GET"]}}],"collection":[{"href":"https:\/\/elinformanteperu.com\/index.php\/wp-json\/wp\/v2\/posts"}],"about":[{"href":"https:\/\/elinformanteperu.com\/index.php\/wp-json\/wp\/v2\/types\/post"}],"author":[{"embeddable":true,"href":"https:\/\/elinformanteperu.com\/index.php\/wp-json\/wp\/v2\/users\/1"}],"replies":[{"embeddable":true,"href":"https:\/\/elinformanteperu.com\/index.php\/wp-json\/wp\/v2\/comments?post=103875"}],"version-history":[{"count":1,"href":"https:\/\/elinformanteperu.com\/index.php\/wp-json\/wp\/v2\/posts\/103875\/revisions"}],"predecessor-version":[{"id":103877,"href":"https:\/\/elinformanteperu.com\/index.php\/wp-json\/wp\/v2\/posts\/103875\/revisions\/103877"}],"wp:featuredmedia":[{"embeddable":true,"href":"https:\/\/elinformanteperu.com\/index.php\/wp-json\/wp\/v2\/media\/103876"}],"wp:attachment":[{"href":"https:\/\/elinformanteperu.com\/index.php\/wp-json\/wp\/v2\/media?parent=103875"}],"wp:term":[{"taxonomy":"category","embeddable":true,"href":"https:\/\/elinformanteperu.com\/index.php\/wp-json\/wp\/v2\/categories?post=103875"},{"taxonomy":"post_tag","embeddable":true,"href":"https:\/\/elinformanteperu.com\/index.php\/wp-json\/wp\/v2\/tags?post=103875"}],"curies":[{"name":"wp","href":"https:\/\/api.w.org\/{rel}","templated":true}]}}