{"id":103872,"date":"2021-08-22T16:19:25","date_gmt":"2021-08-22T21:19:25","guid":{"rendered":"https:\/\/elinformanteperu.com\/?p=103872"},"modified":"2021-08-22T16:19:25","modified_gmt":"2021-08-22T21:19:25","slug":"dunia-felices-estoy-feliz-vamos-a-marcar-historia-en-tokio-2020","status":"publish","type":"post","link":"https:\/\/elinformanteperu.com\/index.php\/2021\/08\/22\/dunia-felices-estoy-feliz-vamos-a-marcar-historia-en-tokio-2020\/","title":{"rendered":"Dunia Felices: \u201cEstoy feliz, vamos a marcar historia en Tokio 2020\u201d"},"content":{"rendered":"<p><strong><span style=\"color: #000000;\">La paranadora peruana se encuentra lista para competir, el martes 24, en los Juegos Paral\u00edmpicos<\/span><\/strong><\/p>\n<p><span style=\"color: #000000;\"><strong>Lima, 22 Agosto 2021, (ANDINA).-<\/strong> Dunia Felices ya se encuentra instalada en la Villa Paral\u00edmpica a la espera de la hora de que le toque competir en la paranataci\u00f3n. Mientras se acerca el d\u00eda, su ser se cubre de emoci\u00f3n porque es la primera vez que vive esta experiencia sublime y no est\u00e1 dispuesta a hacer historia en los Juegos Paral\u00edmpicos Tokio 2020.<\/span><\/p>\n<p><span style=\"color: #000000;\">Los Juegos Paral\u00edmpicos Tokio 2020 significan para Felices una prueba y oportunidad de inspirar a otras personas con discapacidad, y de ganar la confianza de su familia y aliados, como Pluspetrol, que la est\u00e1n impulsando y motivando en la competici\u00f3n de alto nivel que empieza el pr\u00f3ximo 24 de agosto: \u201cEstoy feliz, tranquila, vamos a marcar historia en el movimiento para deportivo\u201d.<\/span><\/p>\n<p><span style=\"color: #000000;\">\u201cEn Tokio quiero ubicarme dentro de los 8 mejores para pasar a las finales. Quiero mejorar mis marcas en los 200 metros estilo libre y 50 metros estilo mariposa\u201d, cont\u00f3 la paranadadora, cansada luego de un entrenamiento sostuvo que una de las dificultades m\u00e1s grandes por la pandemia es no entrenar en piscina, pero fue una situaci\u00f3n que le oblig\u00f3 a ser resiliente: innovar en ejercicios, pesas, planchas, ligas y m\u00e1s creaci\u00f3n de entrenamiento f\u00edsico.<\/span><\/p>\n<p><span style=\"color: #000000;\">Felices competir\u00e1 en los 200 libre S5, el martes 24 de agosto, a las 19:00 horas de Per\u00fa, en las rondas eliminatorias. En caso de acceder a las finales, volver\u00e1 a competir en la madrugada del mi\u00e9rcoles.<\/span><\/p>\n<p><span style=\"color: #000000;\">Como lo denota su apellido \u201cFelices\u201d, la felicidad de Dunia se traduce en el apoyo de empresas como Pluspetrol, que demuestran el inter\u00e9s por los paratletas, incentiv\u00e1ndolos a entrenar m\u00e1s y dejar el nombre del Per\u00fa en alto.<\/span><\/p>\n<p><span style=\"color: #000000;\">\u201cEsto va a inspirar a muchas personas. Estoy feliz, tranquila de saber que ya est\u00e1n cerca los Juegos Paral\u00edmpicos, vamos a marcar historia en el movimiento de para deportistas\u201d.<\/span><\/p>\n<p><span style=\"color: #000000;\">Dunia Felices es una mujer que desde el 2017 se propuso a entrenar en altos niveles de exigencia, a pesar de todas las complicaciones que le gener\u00f3 una vasculitis sistem\u00e1tica a los 15 a\u00f1os, raz\u00f3n por la que le amputaron sus pies y manos.<\/span><\/p>\n<p><span style=\"color: #000000;\">Sin embargo, ella mantiene la calma ante su pronta competici\u00f3n en Tokio, sabe que habr\u00e1 m\u00e1s oportunidades para las personas con discapacidad y eso generar\u00e1 una transformaci\u00f3n social y m\u00e1s peruanos entrar\u00e1n en el movimiento paral\u00edmpico.<\/span><\/p>\n<p><span style=\"color: #000000;\">\u201cAl comienzo, cuando adquieres la discapacidad es dif\u00edcil, pero la vida no acaba en eso, sino que comienza all\u00ed. Es echarle ganas, continuamos vivos y hay que seguir moviendo el mundo\u201d, concluy\u00f3.<\/span><\/p>\n<p><a href=\"https:\/\/elinformanteperu.com\/wp-content\/uploads\/2019\/08\/Parapanamericanos-Dunia-Felices.jpg\"><img fetchpriority=\"high\" decoding=\"async\" class=\"alignnone size-full wp-image-55994\" src=\"https:\/\/elinformanteperu.com\/wp-content\/uploads\/2019\/08\/Parapanamericanos-Dunia-Felices.jpg\" alt=\"\" width=\"1800\" height=\"1287\" srcset=\"https:\/\/elinformanteperu.com\/wp-content\/uploads\/2019\/08\/Parapanamericanos-Dunia-Felices.jpg 1800w, https:\/\/elinformanteperu.com\/wp-content\/uploads\/2019\/08\/Parapanamericanos-Dunia-Felices-300x215.jpg 300w, https:\/\/elinformanteperu.com\/wp-content\/uploads\/2019\/08\/Parapanamericanos-Dunia-Felices-768x549.jpg 768w, https:\/\/elinformanteperu.com\/wp-content\/uploads\/2019\/08\/Parapanamericanos-Dunia-Felices-1024x732.jpg 1024w, https:\/\/elinformanteperu.com\/wp-content\/uploads\/2019\/08\/Parapanamericanos-Dunia-Felices-128x92.jpg 128w, https:\/\/elinformanteperu.com\/wp-content\/uploads\/2019\/08\/Parapanamericanos-Dunia-Felices-32x23.jpg 32w\" sizes=\"(max-width: 1800px) 100vw, 1800px\" \/><\/a><\/p>\n","protected":false},"excerpt":{"rendered":"<p>La paranadora peruana se encuentra lista para competir, el martes 24, en los Juegos Paral\u00edmpicos Lima, 22 Agosto 2021, (ANDINA).- Dunia Felices ya se encuentra instalada en la Villa Paral\u00edmpica a la espera de la hora de que le toque competir en la paranataci\u00f3n. Mientras se acerca el d\u00eda, su ser se cubre de emoci\u00f3n [&hellip;]<\/p>\n","protected":false},"author":1,"featured_media":103873,"comment_status":"closed","ping_status":"closed","sticky":false,"template":"","format":"standard","meta":{"rop_custom_images_group":[],"rop_custom_messages_group":[],"rop_publish_now":"initial","rop_publish_now_accounts":[],"rop_publish_now_history":[],"rop_publish_now_status":"pending","footnotes":""},"categories":[8],"tags":[3906,654],"class_list":["post-103872","post","type-post","status-publish","format-standard","has-post-thumbnail","hentry","category-disciplinas-deportivas","tag-dunia-felices","tag-natacion"],"_links":{"self":[{"href":"https:\/\/elinformanteperu.com\/index.php\/wp-json\/wp\/v2\/posts\/103872","targetHints":{"allow":["GET"]}}],"collection":[{"href":"https:\/\/elinformanteperu.com\/index.php\/wp-json\/wp\/v2\/posts"}],"about":[{"href":"https:\/\/elinformanteperu.com\/index.php\/wp-json\/wp\/v2\/types\/post"}],"author":[{"embeddable":true,"href":"https:\/\/elinformanteperu.com\/index.php\/wp-json\/wp\/v2\/users\/1"}],"replies":[{"embeddable":true,"href":"https:\/\/elinformanteperu.com\/index.php\/wp-json\/wp\/v2\/comments?post=103872"}],"version-history":[{"count":1,"href":"https:\/\/elinformanteperu.com\/index.php\/wp-json\/wp\/v2\/posts\/103872\/revisions"}],"predecessor-version":[{"id":103874,"href":"https:\/\/elinformanteperu.com\/index.php\/wp-json\/wp\/v2\/posts\/103872\/revisions\/103874"}],"wp:featuredmedia":[{"embeddable":true,"href":"https:\/\/elinformanteperu.com\/index.php\/wp-json\/wp\/v2\/media\/103873"}],"wp:attachment":[{"href":"https:\/\/elinformanteperu.com\/index.php\/wp-json\/wp\/v2\/media?parent=103872"}],"wp:term":[{"taxonomy":"category","embeddable":true,"href":"https:\/\/elinformanteperu.com\/index.php\/wp-json\/wp\/v2\/categories?post=103872"},{"taxonomy":"post_tag","embeddable":true,"href":"https:\/\/elinformanteperu.com\/index.php\/wp-json\/wp\/v2\/tags?post=103872"}],"curies":[{"name":"wp","href":"https:\/\/api.w.org\/{rel}","templated":true}]}}