{"id":103869,"date":"2021-08-22T16:15:15","date_gmt":"2021-08-22T21:15:15","guid":{"rendered":"https:\/\/elinformanteperu.com\/?p=103869"},"modified":"2021-08-22T16:15:15","modified_gmt":"2021-08-22T21:15:15","slug":"catar-2022-venezuela-se-queda-sin-tecnico-a-puertas-del-partido-con-peru","status":"publish","type":"post","link":"https:\/\/elinformanteperu.com\/index.php\/2021\/08\/22\/catar-2022-venezuela-se-queda-sin-tecnico-a-puertas-del-partido-con-peru\/","title":{"rendered":"Catar 2022: Venezuela se queda sin t\u00e9cnico a puertas del partido con Per\u00fa"},"content":{"rendered":"<p><strong><span style=\"color: #000000;\">Selecci\u00f3n &#8216;llanera&#8217; enfrentar\u00e1 a la &#8216;blanquirroja&#8217; el domingo 5 de septiembre en Lima<\/span><\/strong><\/p>\n<p><span style=\"color: #000000;\"><strong>Lima, 22 Agosto 2021, (ANDINA).-<\/strong> El director t\u00e9cnico Jos\u00e9 Peseiro decidi\u00f3 rescindir su contrato con la Federaci\u00f3n Venezolana de F\u00fatbol (FVF) a menos dos semanas de la fecha triple de las clasificatorias para el mundial Catar 2022, en la que la selecci\u00f3n &#8216;llanera&#8217; se enfrentar\u00e1 a Argentina, Per\u00fa y Paraguay.<\/span><\/p>\n<p><span style=\"color: #000000;\">El estratega portugu\u00e9s dirig\u00eda a la \u2018vinotinto\u2019 desde febrero de 2020, cuando reemplaz\u00f3 a Rafael Dudamel. De acuerdo con un comunicado de Peseiro, publicado en Twitter, la FVF le debe hasta el momento 14 meses de pago. Mencion\u00f3 que considera esta situaci\u00f3n como \u201cinsostenible\u201d.<\/span><\/p>\n<p><span style=\"color: #000000;\">El presidente de la FVF, Jorge Gim\u00e9nez, mencion\u00f3 que estas declaraciones no son precisas ya que \u201cse le debe nada m\u00e1s y nada menos que un a\u00f1o\u201d.<\/span><\/p>\n<p><span style=\"color: #000000;\">\u00abAyer (jueves) recibimos una carta por parte del director t\u00e9cnico rescindiendo su contrato. Hablamos con \u00e9l en la noche, le hicimos entender y explicar que para nosotros era bastante dif\u00edcil entender esa postura porque tenemos una triple fecha\u201d, coment\u00f3 Gim\u00e9nez.<\/span><\/p>\n<p><span style=\"color: #000000;\">La renuncia de entrenador toma por sorpresa a la FVF debido a que ya se hab\u00eda presentado una lista preliminar de 55 jugadores para la fecha triple ante Argentina (2 de septiembre), Per\u00fa (5 de septiembre) y Paraguay (9 de septiembre).<\/span><\/p>\n<p><span style=\"color: #000000;\">En su paso por la direcci\u00f3n t\u00e9cnica de Venezuela, Jos\u00e9 Peseiro solo ha dirigido 10 partidos, con un saldo de una victoria, tres empates y seis derrotas.<\/span><\/p>\n<p><span style=\"color: #000000;\">En la actualidad, la &#8216;vinotinto&#8217; se posiciona en noveno lugar de la clasificatoria sudamericana para Catar 2022 con 4 puntos, superando solo a Per\u00fa por diferencia de goles.<\/span><\/p>\n<p><a href=\"https:\/\/elinformanteperu.com\/wp-content\/uploads\/2021\/06\/peru-venezuela.jpg\"><img fetchpriority=\"high\" decoding=\"async\" class=\"alignnone size-full wp-image-101155\" src=\"https:\/\/elinformanteperu.com\/wp-content\/uploads\/2021\/06\/peru-venezuela.jpg\" alt=\"\" width=\"1800\" height=\"1220\" srcset=\"https:\/\/elinformanteperu.com\/wp-content\/uploads\/2021\/06\/peru-venezuela.jpg 1800w, https:\/\/elinformanteperu.com\/wp-content\/uploads\/2021\/06\/peru-venezuela-300x203.jpg 300w, https:\/\/elinformanteperu.com\/wp-content\/uploads\/2021\/06\/peru-venezuela-1024x694.jpg 1024w, https:\/\/elinformanteperu.com\/wp-content\/uploads\/2021\/06\/peru-venezuela-768x521.jpg 768w, https:\/\/elinformanteperu.com\/wp-content\/uploads\/2021\/06\/peru-venezuela-1536x1041.jpg 1536w\" sizes=\"(max-width: 1800px) 100vw, 1800px\" \/><\/a><\/p>\n","protected":false},"excerpt":{"rendered":"<p>Selecci\u00f3n &#8216;llanera&#8217; enfrentar\u00e1 a la &#8216;blanquirroja&#8217; el domingo 5 de septiembre en Lima Lima, 22 Agosto 2021, (ANDINA).- El director t\u00e9cnico Jos\u00e9 Peseiro decidi\u00f3 rescindir su contrato con la Federaci\u00f3n Venezolana de F\u00fatbol (FVF) a menos dos semanas de la fecha triple de las clasificatorias para el mundial Catar 2022, en la que la selecci\u00f3n [&hellip;]<\/p>\n","protected":false},"author":1,"featured_media":103870,"comment_status":"closed","ping_status":"closed","sticky":false,"template":"","format":"standard","meta":{"rop_custom_images_group":[],"rop_custom_messages_group":[],"rop_publish_now":"initial","rop_publish_now_accounts":[],"rop_publish_now_history":[],"rop_publish_now_status":"pending","footnotes":""},"categories":[8],"tags":[4106,171],"class_list":["post-103869","post","type-post","status-publish","format-standard","has-post-thumbnail","hentry","category-disciplinas-deportivas","tag-eliminatorias-catar-2022","tag-venezuela"],"_links":{"self":[{"href":"https:\/\/elinformanteperu.com\/index.php\/wp-json\/wp\/v2\/posts\/103869","targetHints":{"allow":["GET"]}}],"collection":[{"href":"https:\/\/elinformanteperu.com\/index.php\/wp-json\/wp\/v2\/posts"}],"about":[{"href":"https:\/\/elinformanteperu.com\/index.php\/wp-json\/wp\/v2\/types\/post"}],"author":[{"embeddable":true,"href":"https:\/\/elinformanteperu.com\/index.php\/wp-json\/wp\/v2\/users\/1"}],"replies":[{"embeddable":true,"href":"https:\/\/elinformanteperu.com\/index.php\/wp-json\/wp\/v2\/comments?post=103869"}],"version-history":[{"count":1,"href":"https:\/\/elinformanteperu.com\/index.php\/wp-json\/wp\/v2\/posts\/103869\/revisions"}],"predecessor-version":[{"id":103871,"href":"https:\/\/elinformanteperu.com\/index.php\/wp-json\/wp\/v2\/posts\/103869\/revisions\/103871"}],"wp:featuredmedia":[{"embeddable":true,"href":"https:\/\/elinformanteperu.com\/index.php\/wp-json\/wp\/v2\/media\/103870"}],"wp:attachment":[{"href":"https:\/\/elinformanteperu.com\/index.php\/wp-json\/wp\/v2\/media?parent=103869"}],"wp:term":[{"taxonomy":"category","embeddable":true,"href":"https:\/\/elinformanteperu.com\/index.php\/wp-json\/wp\/v2\/categories?post=103869"},{"taxonomy":"post_tag","embeddable":true,"href":"https:\/\/elinformanteperu.com\/index.php\/wp-json\/wp\/v2\/tags?post=103869"}],"curies":[{"name":"wp","href":"https:\/\/api.w.org\/{rel}","templated":true}]}}