{"id":103866,"date":"2021-08-22T15:26:45","date_gmt":"2021-08-22T20:26:45","guid":{"rendered":"https:\/\/elinformanteperu.com\/?p=103866"},"modified":"2021-08-22T15:26:45","modified_gmt":"2021-08-22T20:26:45","slug":"gareca-lee-aqui-sus-frases-sobre-los-convocados-de-la-seleccion-peruana","status":"publish","type":"post","link":"https:\/\/elinformanteperu.com\/index.php\/2021\/08\/22\/gareca-lee-aqui-sus-frases-sobre-los-convocados-de-la-seleccion-peruana\/","title":{"rendered":"Gareca: Lee aqu\u00ed sus frases sobre los convocados de la selecci\u00f3n peruana"},"content":{"rendered":"<p><span style=\"color: #000000;\"><strong>Lima, 22 Agosto 2021, (ANDINA).-<\/strong> El director t\u00e9cnico de la selecci\u00f3n peruana de f\u00fatbol, Ricardo Gareca, anunci\u00f3 a los convocados para la fecha triple que se jugar\u00e1 en setiembre por la clasificaci\u00f3n al mundial Catar 2022. Lee aqu\u00ed sus apreciaciones sobre los futbolistas llamados para esta etapa crucial del camino al Mundial Catar 2022.<\/span><\/p>\n<p><span style=\"color: #000000;\"><strong>1-<\/strong> <strong>Paolo (Guerrero):<\/strong> \u00abSe ha recuperado y ha jugado. Vimos superaci\u00f3n en \u00e9l importante. Creemos que va a estar. No s\u00e9 si de arranque, vamos a ver en qu\u00e9 estado llega, pero sabemos que ya est\u00e1 bien\u00bb.<\/span><\/p>\n<p><span style=\"color: #000000;\"><strong>2- Sobre Ra\u00fal Ruid\u00edaz:<\/strong> \u00abDe los delanteros, es el que mejor presente tiene futbol\u00edsticamente en su producci\u00f3n. El rendimiento en la selecci\u00f3n, las cr\u00edticas y todo&#8230; estamos sometidos a cr\u00edticas y cuestionamientos. Son cosas a los que vivimos expuestos. Estamos acostumbrados, \u00e9l est\u00e1 acostumbrado tambi\u00e9n a las cr\u00edticas. Es inevitable. Para \u00e9l no es un problema, para nosotros tampoco. Confiamos en \u00e9l y por eso lo convocamos\u00bb.<\/span><\/p>\n<p><span style=\"color: #000000;\"><strong>3-<\/strong> <strong>Sobre Gianluca Lapadula:<\/strong> \u00abTen\u00edamos expectativas de que (Gianluca) Lapadula se integre r\u00e1pidamente a un equipo. Se ha dilatado m\u00e1s de lo esperado. De todas maneras se est\u00e1 preparando. Ha tomado algunas decisiones personales. Se incorpor\u00f3 y se est\u00e1 preparando. Nos hubiese gustado que se defina su situaci\u00f3n mucho antes\u00bb.<\/span><\/p>\n<p><span style=\"color: #000000;\"><strong>4-<\/strong> <strong>Sobre Carlos Zambrano:<\/strong> \u00abConsideramos que estos muchachos son los que tenemos. No es nada personal con \u00e9l, ni mucho menos, puede estar en cualquier momento. No se ha roto nada. No me permitir\u00eda romper un v\u00ednculo de relaci\u00f3n con un jugador de la Selecci\u00f3n. No lo har\u00eda por el pa\u00eds, por la selecci\u00f3n. Jam\u00e1s he tenido problema con ning\u00fan jugador. No est\u00e1 en mi \u00f3rbita. A alg\u00fan jugador no le puede parecer una decisi\u00f3n m\u00eda, eso escapa a m\u00ed. Estamos expuestos a que una decisi\u00f3n no le guste al jugador o no le caiga bien. Eso es otra cuesti\u00f3n\u00bb.<\/span><\/p>\n<p><span style=\"color: #000000;\"><strong>5-<\/strong> \u00abGabriel Costa siempre nos ha gustado\u00bb.<\/span><\/p>\n<p><span style=\"color: #000000;\"><strong>6-<\/strong> \u00abValoramos mucho a los jugadores del medio local\u00bb.<\/span><\/p>\n<p><span style=\"color: #000000;\"><strong>7-<\/strong> (Sobre ausencia de Santiago Orme\u00f1o) \u00abQueremos esperarlo un poco m\u00e1s\u00bb.<\/span><\/p>\n<p><span style=\"color: #000000;\"><strong>8-<\/strong> <strong>Sobre Marco L\u00f3pez:<\/strong> \u00abRespecto de L\u00f3pez, est\u00e1 en proceso de lo que queremos: que se convierta en una realidad. Trauco es una realidad. Para nosotros no es lo mismo Trauco que Marcos L\u00f3pez porque Trauco es una realidad en la Selecci\u00f3n, pero eso no le asegura una titularidad\u00bb.<\/span><\/p>\n<p><span style=\"color: #000000;\"><strong>9-<\/strong> <strong>Sobre Raziel Garc\u00eda:<\/strong> \u00abDe Raziel no hablar\u00eda como una realidad porque si no lo confundir\u00edamos al jugador. Por el sensacionalismo, muchas veces un jugador hace un gol o un buen partido y ya es el mejor jugador. Es importante desde nuestro mensaje que no se confunda el jugador. Las realidad son aquellos jugadores que tienen continuidad y buen rendimiento, no en un partido ni en minutos, sino en cantidad de partidos\u00bb.<\/span><\/p>\n<p><span style=\"color: #000000;\"><strong>10- Sobre Jefferson Farf\u00e1n:<\/strong> \u00abHa jugado en situaciones no ideales, pero es tanta la fortaleza que tiene, que no descartar\u00eda a Farf\u00e1n. No me atrever\u00eda a descartarlo por lo competitivo que es \u00e9l. No ha sido convocado porque anhelamos que pueda tener minutos y continuidad. Estamos observ\u00e1ndolo, vi\u00e9ndolo. Est\u00e1 en ese proceso \u00e9l. Vamos a ir sigui\u00e9ndolo, a ver c\u00f3mo va evolucionando\u00bb.<\/span><\/p>\n<p><span style=\"color: #000000;\"><strong>11-<\/strong> <strong>Sobre ausencia de Pedro Aquino:<\/strong> \u00abNo le toc\u00f3 estar. No es nada personal\u00bb.<\/span><\/p>\n<p><a href=\"https:\/\/elinformanteperu.com\/wp-content\/uploads\/2021\/03\/gareca-y-seleccion1.jpg\"><img fetchpriority=\"high\" decoding=\"async\" class=\"alignnone size-full wp-image-93586\" src=\"https:\/\/elinformanteperu.com\/wp-content\/uploads\/2021\/03\/gareca-y-seleccion1.jpg\" alt=\"\" width=\"1800\" height=\"1200\" srcset=\"https:\/\/elinformanteperu.com\/wp-content\/uploads\/2021\/03\/gareca-y-seleccion1.jpg 1800w, https:\/\/elinformanteperu.com\/wp-content\/uploads\/2021\/03\/gareca-y-seleccion1-300x200.jpg 300w, https:\/\/elinformanteperu.com\/wp-content\/uploads\/2021\/03\/gareca-y-seleccion1-1024x683.jpg 1024w, https:\/\/elinformanteperu.com\/wp-content\/uploads\/2021\/03\/gareca-y-seleccion1-768x512.jpg 768w, https:\/\/elinformanteperu.com\/wp-content\/uploads\/2021\/03\/gareca-y-seleccion1-1536x1024.jpg 1536w\" sizes=\"(max-width: 1800px) 100vw, 1800px\" \/><\/a><\/p>\n","protected":false},"excerpt":{"rendered":"<p>Lima, 22 Agosto 2021, (ANDINA).- El director t\u00e9cnico de la selecci\u00f3n peruana de f\u00fatbol, Ricardo Gareca, anunci\u00f3 a los convocados para la fecha triple que se jugar\u00e1 en setiembre por la clasificaci\u00f3n al mundial Catar 2022. Lee aqu\u00ed sus apreciaciones sobre los futbolistas llamados para esta etapa crucial del camino al Mundial Catar 2022. 1- [&hellip;]<\/p>\n","protected":false},"author":1,"featured_media":103867,"comment_status":"closed","ping_status":"closed","sticky":false,"template":"","format":"standard","meta":{"rop_custom_images_group":[],"rop_custom_messages_group":[],"rop_publish_now":"initial","rop_publish_now_accounts":[],"rop_publish_now_history":[],"rop_publish_now_status":"pending","footnotes":""},"categories":[8],"tags":[4431,92,137],"class_list":["post-103866","post","type-post","status-publish","format-standard","has-post-thumbnail","hentry","category-disciplinas-deportivas","tag-eliminatorias-qatar-2022","tag-ricardo-gareca","tag-seleccion-peruana"],"_links":{"self":[{"href":"https:\/\/elinformanteperu.com\/index.php\/wp-json\/wp\/v2\/posts\/103866","targetHints":{"allow":["GET"]}}],"collection":[{"href":"https:\/\/elinformanteperu.com\/index.php\/wp-json\/wp\/v2\/posts"}],"about":[{"href":"https:\/\/elinformanteperu.com\/index.php\/wp-json\/wp\/v2\/types\/post"}],"author":[{"embeddable":true,"href":"https:\/\/elinformanteperu.com\/index.php\/wp-json\/wp\/v2\/users\/1"}],"replies":[{"embeddable":true,"href":"https:\/\/elinformanteperu.com\/index.php\/wp-json\/wp\/v2\/comments?post=103866"}],"version-history":[{"count":1,"href":"https:\/\/elinformanteperu.com\/index.php\/wp-json\/wp\/v2\/posts\/103866\/revisions"}],"predecessor-version":[{"id":103868,"href":"https:\/\/elinformanteperu.com\/index.php\/wp-json\/wp\/v2\/posts\/103866\/revisions\/103868"}],"wp:featuredmedia":[{"embeddable":true,"href":"https:\/\/elinformanteperu.com\/index.php\/wp-json\/wp\/v2\/media\/103867"}],"wp:attachment":[{"href":"https:\/\/elinformanteperu.com\/index.php\/wp-json\/wp\/v2\/media?parent=103866"}],"wp:term":[{"taxonomy":"category","embeddable":true,"href":"https:\/\/elinformanteperu.com\/index.php\/wp-json\/wp\/v2\/categories?post=103866"},{"taxonomy":"post_tag","embeddable":true,"href":"https:\/\/elinformanteperu.com\/index.php\/wp-json\/wp\/v2\/tags?post=103866"}],"curies":[{"name":"wp","href":"https:\/\/api.w.org\/{rel}","templated":true}]}}