{"id":103860,"date":"2021-08-22T15:05:29","date_gmt":"2021-08-22T20:05:29","guid":{"rendered":"https:\/\/elinformanteperu.com\/?p=103860"},"modified":"2021-08-22T15:05:29","modified_gmt":"2021-08-22T20:05:29","slug":"tokio-2020-peru-ya-esta-instalado-en-la-villa-paralimpica-a-la-espera-del-debut","status":"publish","type":"post","link":"https:\/\/elinformanteperu.com\/index.php\/2021\/08\/22\/tokio-2020-peru-ya-esta-instalado-en-la-villa-paralimpica-a-la-espera-del-debut\/","title":{"rendered":"Tokio 2020: Per\u00fa ya est\u00e1 instalado en la Villa Paral\u00edmpica a la espera del debut"},"content":{"rendered":"<p><strong><span style=\"color: #000000;\">La delegaci\u00f3n nacional se encuentra preparada para buscar la novena medalla paral\u00edmpica de su historia<\/span><\/strong><\/p>\n<p><span style=\"color: #000000;\"><strong>Lima, 22 Agosto 2021, (ANDINA).-<\/strong> Orgullo, dedicaci\u00f3n, esfuerzo, trabajo, superaci\u00f3n, entrega, pasi\u00f3n, coraje, fuerza, resiliencia, vocaci\u00f3n es lo que representa el grupo de paradeportistas nacionales que desde este martes 24 de agosto afrontar\u00e1n un nuevo reto: ir en pos de los primeros lugares en sus respectivas pruebas en los Juegos Paral\u00edmpicos Tokio 2020.<\/span><\/p>\n<p><span style=\"color: #000000;\">La comitiva nacional ya presente en esta ciudad hizo un alto a sus labores y se reuni\u00f3 al final de la avenida principal de la Villa Paral\u00edmpica y se retrat\u00f3 junto a los Agitos, el s\u00edmbolo mundial que identifica al #MovimientoParal\u00edmpico.<\/span><\/p>\n<p><span style=\"color: #000000;\">Dunia Felices (Para nataci\u00f3n), Melissa Baldera (paraatletismo), Niel Garc\u00eda (parapowerlifting), Freed Villalobos (parajudo), Rodrigo Santill\u00e1n (paranataci\u00f3n), Efra\u00edn Sotacuro, Rosbil Guill\u00e9n y Carlos Sangama (paraatletismo) figuran aqu\u00ed junto a los Atletas gu\u00edas Edert Yllescas, Carlos Guevara y Ferdinan Cereceda; los entrenadores y el personal de la Asociaci\u00f3n Nacional Paral\u00edmpica del Per\u00fa (ANPPER\u00da).<\/span><\/p>\n<p><span style=\"color: #000000;\">Ellos, a los que se sumar\u00e1n Ang\u00e9lica Espinoza (parataekwondo), Pilar J\u00e1uregui (parab\u00e1dminton) e Israel Hilario (paraciclismo) -quienes llegar\u00e1n en las pr\u00f3ximas horas-, forman el gran equipo nacional que ir\u00e1 en pos de los primeros lugares en sus respectivas competencias desde este martes cuando se levante oficialmente el tel\u00f3n de los esperados Juegos Paral\u00edmpicos.<\/span><\/p>\n<p><span style=\"color: #000000;\">Per\u00fa competir\u00e1 con 11 Para deportistas y 3 atletas gu\u00eda en la que constituye la mayor delegaci\u00f3n enviada por nuestro pa\u00eds a unos Juegos Paral\u00edmpicos, superando los 6 que compitieron en R\u00edo 2016. Los Juegos Paral\u00edmpicos se llevar\u00e1n a cabo entre el 24 de agosto y el 5 de setiembre.<\/span><\/p>\n<p><span style=\"color: #000000;\">En la historia, Per\u00fa tiene 8 medallas paral\u00edmpicas, tres de ellas de oro, una conseguida por Mar\u00eda Teresa Chiappo (paratenis de mesa) y dos por Jimmy Eulert (paranataci\u00f3n).<\/span><\/p>\n<blockquote class=\"twitter-tweet\">\n<p dir=\"ltr\" lang=\"es\">\ud83c\udf86 La cuenta regresiva est\u00e1 por terminar \ud83c\udf86<\/p>\n<p>Faltan 2\u20e3 d\u00edas para la Ceremonia de Apertura de los Juegos Paral\u00edmpicos&#8230; \u2728<\/p>\n<p>\ud83d\udccd 24 de agosto &#8211; 20:00 JST<br \/>\n\ud83c\udfdf\ufe0f Estadio Ol\u00edmpico<a href=\"https:\/\/twitter.com\/hashtag\/Tokio2020?src=hash&amp;ref_src=twsrc%5Etfw\">#Tokio2020<\/a> <a href=\"https:\/\/twitter.com\/hashtag\/UnitedByEmotion?src=hash&amp;ref_src=twsrc%5Etfw\">#UnitedByEmotion<\/a> <a href=\"https:\/\/t.co\/kZgzragSYe\">pic.twitter.com\/kZgzragSYe<\/a><\/p>\n<p>\u2014 #Tokio2020 en Espa\u00f1ol (@Tokyo2020es) <a href=\"https:\/\/twitter.com\/Tokyo2020es\/status\/1429367742579331076?ref_src=twsrc%5Etfw\">August 22, 2021<\/a><\/p><\/blockquote>\n<p><script async src=\"https:\/\/platform.twitter.com\/widgets.js\" charset=\"utf-8\"><\/script><\/p>\n","protected":false},"excerpt":{"rendered":"<p>La delegaci\u00f3n nacional se encuentra preparada para buscar la novena medalla paral\u00edmpica de su historia Lima, 22 Agosto 2021, (ANDINA).- Orgullo, dedicaci\u00f3n, esfuerzo, trabajo, superaci\u00f3n, entrega, pasi\u00f3n, coraje, fuerza, resiliencia, vocaci\u00f3n es lo que representa el grupo de paradeportistas nacionales que desde este martes 24 de agosto afrontar\u00e1n un nuevo reto: ir en pos de [&hellip;]<\/p>\n","protected":false},"author":1,"featured_media":103861,"comment_status":"closed","ping_status":"closed","sticky":false,"template":"","format":"standard","meta":{"rop_custom_images_group":[],"rop_custom_messages_group":[],"rop_publish_now":"initial","rop_publish_now_accounts":[],"rop_publish_now_history":[],"rop_publish_now_status":"pending","footnotes":""},"categories":[8],"tags":[4908,4749],"class_list":["post-103860","post","type-post","status-publish","format-standard","has-post-thumbnail","hentry","category-disciplinas-deportivas","tag-juegos-olimpicos-tokio-2020","tag-tokio-2020"],"_links":{"self":[{"href":"https:\/\/elinformanteperu.com\/index.php\/wp-json\/wp\/v2\/posts\/103860","targetHints":{"allow":["GET"]}}],"collection":[{"href":"https:\/\/elinformanteperu.com\/index.php\/wp-json\/wp\/v2\/posts"}],"about":[{"href":"https:\/\/elinformanteperu.com\/index.php\/wp-json\/wp\/v2\/types\/post"}],"author":[{"embeddable":true,"href":"https:\/\/elinformanteperu.com\/index.php\/wp-json\/wp\/v2\/users\/1"}],"replies":[{"embeddable":true,"href":"https:\/\/elinformanteperu.com\/index.php\/wp-json\/wp\/v2\/comments?post=103860"}],"version-history":[{"count":1,"href":"https:\/\/elinformanteperu.com\/index.php\/wp-json\/wp\/v2\/posts\/103860\/revisions"}],"predecessor-version":[{"id":103862,"href":"https:\/\/elinformanteperu.com\/index.php\/wp-json\/wp\/v2\/posts\/103860\/revisions\/103862"}],"wp:featuredmedia":[{"embeddable":true,"href":"https:\/\/elinformanteperu.com\/index.php\/wp-json\/wp\/v2\/media\/103861"}],"wp:attachment":[{"href":"https:\/\/elinformanteperu.com\/index.php\/wp-json\/wp\/v2\/media?parent=103860"}],"wp:term":[{"taxonomy":"category","embeddable":true,"href":"https:\/\/elinformanteperu.com\/index.php\/wp-json\/wp\/v2\/categories?post=103860"},{"taxonomy":"post_tag","embeddable":true,"href":"https:\/\/elinformanteperu.com\/index.php\/wp-json\/wp\/v2\/tags?post=103860"}],"curies":[{"name":"wp","href":"https:\/\/api.w.org\/{rel}","templated":true}]}}