{"id":10357,"date":"2017-05-19T15:23:54","date_gmt":"2017-05-19T20:23:54","guid":{"rendered":"http:\/\/elinformanteperu.com\/?p=10357"},"modified":"2017-05-19T15:31:34","modified_gmt":"2017-05-19T20:31:34","slug":"luis-advincula-vuelve-a-la-seleccion-y-paolo-guerrero-fue-llamado-para-amistoso","status":"publish","type":"post","link":"https:\/\/elinformanteperu.com\/index.php\/2017\/05\/19\/luis-advincula-vuelve-a-la-seleccion-y-paolo-guerrero-fue-llamado-para-amistoso\/","title":{"rendered":"Luis Adv\u00edncula vuelve a la selecci\u00f3n y Paolo Guerrero fue llamado para amistoso"},"content":{"rendered":"<p><span style=\"color: #000000;\"><strong>El t\u00e9cnico de la selecci\u00f3n peruana, Ricardo Gareca, sorprendi\u00f3 con la convocatoria de Luis Adv\u00edncula para afrontar los amistosos ante Paraguay y Jamaica.<\/strong><\/span><\/p>\n<p><span style=\"color: #000000;\"><strong>Lima, 19 Mayo 2017, (ANDINA).-<\/strong> El t\u00e9cnico de la selecci\u00f3n peruana, Ricardo Gareca, sorprendi\u00f3 con la convocatoria de Luis Adv\u00edncula para afrontar los amistosos ante Paraguay y Jamaica, en junio pr\u00f3ximo; Paolo Guerrero tambi\u00e9n fue llamado, situaci\u00f3n distinta a la de Ra\u00fal Ruid\u00edaz, quien se encuentra en franca mejor\u00eda de una lesi\u00f3n.<\/span><\/p>\n<p><span style=\"color: #000000;\">El delantero, Alexander Succar de la Universidad San Mart\u00edn, el volante de la Academia Cantolao, Jos\u00e9 Manzaneda y el mediocampista de Universitario, Alexi G\u00f3mez son las novedades que presenta el t\u00e9cnico de la selecci\u00f3n peruana de f\u00fatbol, Ricardo Gareca para afrontar los amistosos ante Paraguay y Jamaica, en junio pr\u00f3ximo.<\/span><\/p>\n<p><span style=\"color: #000000;\">Adem\u00e1s de ellos, quien pega la vuelta a la selecci\u00f3n es Luis Adv\u00edncula de Tigres de M\u00e9xico. Paolo Guerrero fue convocado a pesar de que se encuentra suspendido para el primer duelo frente a Bolivia.<\/span><\/p>\n<p><span style=\"color: #000000;\">Mientras que, Ra\u00fal Ruid\u00edaz no fue convocado debido a su lesi\u00f3n.<\/span><\/p>\n<p><span style=\"color: #000000;\"><strong>Lista de Convocados:<\/strong><\/span><\/p>\n<p><span style=\"color: #000000;\"><strong>Arqueros:<\/strong><\/span><br \/>\n<span style=\"color: #000000;\"> Pedro Gallese (Veracruz &#8211; M\u00e9xico)<\/span><br \/>\n<span style=\"color: #000000;\"> Jos\u00e9 Carvallo (UTC)<\/span><br \/>\n<span style=\"color: #000000;\"> Carlos C\u00e1ceda (Universitario)<\/span><\/p>\n<p><span style=\"color: #000000;\"><strong>Defensas:<\/strong><\/span><br \/>\n<span style=\"color: #000000;\"> Aldo Corzo (Universitario)<\/span><br \/>\n<span style=\"color: #000000;\"> Luis Adv\u00edncula (Tigres &#8211; M\u00e9xico)<\/span><br \/>\n<span style=\"color: #000000;\"> Christian Ramos (Emelec &#8211; Ecuador)<\/span><br \/>\n<span style=\"color: #000000;\"> Miguel Araujo (Alianza Lima)<\/span><br \/>\n<span style=\"color: #000000;\"> Alberto Rodr\u00edguez (Universitario)<\/span><br \/>\n<span style=\"color: #000000;\"> Anderson Santa Mar\u00eda (FBC Melgar)<\/span><br \/>\n<span style=\"color: #000000;\"> Miguel Trauco (Flamengo &#8211; Brasil)<\/span><br \/>\n<span style=\"color: #000000;\"> Nilson Loyola (FBC Melgar)<\/span><\/p>\n<p><span style=\"color: #000000;\"><strong>Volantes:<\/strong><\/span><br \/>\n<span style=\"color: #000000;\"> Renato Tapia (Feyenoord &#8211; Holanda)<\/span><br \/>\n<span style=\"color: #000000;\"> Pedro Aquino (Sporting Cristal)<\/span><br \/>\n<span style=\"color: #000000;\"> Christian Cueva (Sao Paulo &#8211; Brasil)<\/span><br \/>\n<span style=\"color: #000000;\"> Paolo Hurtado (V. Guimaraes &#8211; Portugal)<\/span><br \/>\n<span style=\"color: #000000;\"> Yoshimar Yot\u00fan (Malm\u00f6 &#8211; Suecia)<\/span><br \/>\n<span style=\"color: #000000;\"> Sergio Pe\u00f1a (Granada B &#8211; Espa\u00f1a)<\/span><br \/>\n<span style=\"color: #000000;\"> Edison Flores (Aalborg &#8211; Dinamarca)<\/span><br \/>\n<span style=\"color: #000000;\"> Jos\u00e9 Manzaneda (A. Cantolao)<\/span><br \/>\n<span style=\"color: #000000;\"> Alexi G\u00f3mez (Universitario)<\/span><\/p>\n<p><span style=\"color: #000000;\"><strong>Delanteros:<\/strong><\/span><br \/>\n<span style=\"color: #000000;\"> Andy Polo (Monarcas Morelia &#8211; M\u00e9xico)<\/span><br \/>\n<span style=\"color: #000000;\"> Andr\u00e9 Carrillo (Benfica &#8211; Portugal)<\/span><br \/>\n<span style=\"color: #000000;\"> Paolo Guerrero (Flamengo)<\/span><br \/>\n<span style=\"color: #000000;\"> Alexander Succar (San Mart\u00edn).<\/span><\/p>\n<p><img fetchpriority=\"high\" decoding=\"async\" class=\"aligncenter size-full wp-image-4166\" src=\"http:\/\/elinformanteperu.com\/wp-content\/uploads\/2017\/01\/paolo-seleccion.jpg\" alt=\"\" width=\"1800\" height=\"1212\" srcset=\"https:\/\/elinformanteperu.com\/wp-content\/uploads\/2017\/01\/paolo-seleccion.jpg 1800w, https:\/\/elinformanteperu.com\/wp-content\/uploads\/2017\/01\/paolo-seleccion-300x202.jpg 300w, https:\/\/elinformanteperu.com\/wp-content\/uploads\/2017\/01\/paolo-seleccion-768x517.jpg 768w, https:\/\/elinformanteperu.com\/wp-content\/uploads\/2017\/01\/paolo-seleccion-1024x689.jpg 1024w, https:\/\/elinformanteperu.com\/wp-content\/uploads\/2017\/01\/paolo-seleccion-128x86.jpg 128w, https:\/\/elinformanteperu.com\/wp-content\/uploads\/2017\/01\/paolo-seleccion-32x22.jpg 32w\" sizes=\"(max-width: 1800px) 100vw, 1800px\" \/><\/p>\n<p><iframe src=\"https:\/\/www.youtube-nocookie.com\/embed\/MeCZiN0mziE?rel=0&amp;controls=0&amp;showinfo=0\" width=\"560\" height=\"315\" frameborder=\"0\" allowfullscreen=\"allowfullscreen\"><\/iframe><\/p>\n","protected":false},"excerpt":{"rendered":"<p>El t\u00e9cnico de la selecci\u00f3n peruana, Ricardo Gareca, sorprendi\u00f3 con la convocatoria de Luis Adv\u00edncula para afrontar los amistosos ante Paraguay y Jamaica. Lima, 19 Mayo 2017, (ANDINA).- El t\u00e9cnico de la selecci\u00f3n peruana, Ricardo Gareca, sorprendi\u00f3 con la convocatoria de Luis Adv\u00edncula para afrontar los amistosos ante Paraguay y Jamaica, en junio pr\u00f3ximo; Paolo [&hellip;]<\/p>\n","protected":false},"author":1,"featured_media":93,"comment_status":"open","ping_status":"open","sticky":false,"template":"","format":"standard","meta":{"rop_custom_images_group":[],"rop_custom_messages_group":[],"rop_publish_now":"initial","rop_publish_now_accounts":[],"rop_publish_now_history":[],"rop_publish_now_status":"pending","footnotes":""},"categories":[8],"tags":[950,92,137],"class_list":["post-10357","post","type-post","status-publish","format-standard","has-post-thumbnail","hentry","category-disciplinas-deportivas","tag-luis-advincula","tag-ricardo-gareca","tag-seleccion-peruana"],"_links":{"self":[{"href":"https:\/\/elinformanteperu.com\/index.php\/wp-json\/wp\/v2\/posts\/10357","targetHints":{"allow":["GET"]}}],"collection":[{"href":"https:\/\/elinformanteperu.com\/index.php\/wp-json\/wp\/v2\/posts"}],"about":[{"href":"https:\/\/elinformanteperu.com\/index.php\/wp-json\/wp\/v2\/types\/post"}],"author":[{"embeddable":true,"href":"https:\/\/elinformanteperu.com\/index.php\/wp-json\/wp\/v2\/users\/1"}],"replies":[{"embeddable":true,"href":"https:\/\/elinformanteperu.com\/index.php\/wp-json\/wp\/v2\/comments?post=10357"}],"version-history":[{"count":2,"href":"https:\/\/elinformanteperu.com\/index.php\/wp-json\/wp\/v2\/posts\/10357\/revisions"}],"predecessor-version":[{"id":10361,"href":"https:\/\/elinformanteperu.com\/index.php\/wp-json\/wp\/v2\/posts\/10357\/revisions\/10361"}],"wp:featuredmedia":[{"embeddable":true,"href":"https:\/\/elinformanteperu.com\/index.php\/wp-json\/wp\/v2\/media\/93"}],"wp:attachment":[{"href":"https:\/\/elinformanteperu.com\/index.php\/wp-json\/wp\/v2\/media?parent=10357"}],"wp:term":[{"taxonomy":"category","embeddable":true,"href":"https:\/\/elinformanteperu.com\/index.php\/wp-json\/wp\/v2\/categories?post=10357"},{"taxonomy":"post_tag","embeddable":true,"href":"https:\/\/elinformanteperu.com\/index.php\/wp-json\/wp\/v2\/tags?post=10357"}],"curies":[{"name":"wp","href":"https:\/\/api.w.org\/{rel}","templated":true}]}}