{"id":10343,"date":"2017-05-19T15:01:37","date_gmt":"2017-05-19T20:01:37","guid":{"rendered":"http:\/\/elinformanteperu.com\/?p=10343"},"modified":"2017-05-19T15:01:37","modified_gmt":"2017-05-19T20:01:37","slug":"araoz-indica-que-el-apra-debe-dar-explicaciones-sobre-financiamiento-a-campana-de-2011","status":"publish","type":"post","link":"https:\/\/elinformanteperu.com\/index.php\/2017\/05\/19\/araoz-indica-que-el-apra-debe-dar-explicaciones-sobre-financiamiento-a-campana-de-2011\/","title":{"rendered":"Ar\u00e1oz indica que el Apra debe dar explicaciones sobre financiamiento a campa\u00f1a de 2011"},"content":{"rendered":"<p><strong><span style=\"color: #000000;\">Mercedes Ar\u00e1oz, dijo no conocer al empresario brasile\u00f1o Marcelo Odebrecht y se\u00f1al\u00f3 que el Apra seguramente explicar\u00e1 sobre el financiamiento que tuvo su candidatura presidencial.<\/span><\/strong><\/p>\n<p><span style=\"color: #000000;\"><strong>Lima, 19 Mayo 2017, (ANDINA).-<\/strong> La segunda vicepresidenta de la Rep\u00fablica, Mercedes Ar\u00e1oz, dijo no conocer al empresario brasile\u00f1o Marcelo Odebrecht y se\u00f1al\u00f3 que el Partido Aprista seguramente explicar\u00e1 sobre el financiamiento que tuvo su candidatura presidencial con dicho partido en 2011, la cual dur\u00f3 poco tiempo.<\/span><\/p>\n<p><span style=\"color: #000000;\">Al comentar un informe period\u00edstico que indica que Odebrecht habr\u00eda reconocido que apoy\u00f3 su candidatura y la de Keiko Fujimori en 2011, Ar\u00e1oz afirm\u00f3 que no tuvo mayor campa\u00f1a y que el poco tiempo que dur\u00f3 no manej\u00f3 el financiamiento ni los temas log\u00edsticos.<\/span><\/p>\n<p><span style=\"color: #000000;\">\u201cMe imagino que el Partido Aprista dar\u00e1 una explicaci\u00f3n satisfactoria sobre este tema. No conozco a Marcelo Odebrecht y mientras estuve en campa\u00f1a nunca habl\u00e9 con (Jorge) Barata (representante de Odebrecht en el Per\u00fa)\u201d, indic\u00f3 en RPP.<\/span><\/p>\n<p><span style=\"color: #000000;\">\u201cComo se sabe, fui una candidata que estuvo muy poco tiempo con el Partido Aprista, invitada por el Partido Aprista. Me retir\u00e9 en enero del a\u00f1o 2011 por desavenencias que hab\u00eda tenido con miembros del partido\u201d, a\u00f1adi\u00f3.<\/span><\/p>\n<p><span style=\"color: #000000;\">Seg\u00fan refiri\u00f3, como ministra de Estado durante el gobierno de Alan Garc\u00eda conoci\u00f3 a Barata y otros funcionarios, pero dentro del \u00e1mbito de su funci\u00f3n.<\/span><\/p>\n<p><span style=\"color: #000000;\">\u201cNo tuve relaci\u00f3n alguna ni personal ni mucho menos he conocido a Marcelo Odebrecht. Lo he visto en algunas ocasiones en las visitas oficiales que hizo el presidente (Luiz In\u00e1cio) Lula al Per\u00fa, pero no recuerdo exactamente\u201d, insisti\u00f3 Ar\u00e1oz.<\/span><\/p>\n","protected":false},"excerpt":{"rendered":"<p>Mercedes Ar\u00e1oz, dijo no conocer al empresario brasile\u00f1o Marcelo Odebrecht y se\u00f1al\u00f3 que el Apra seguramente explicar\u00e1 sobre el financiamiento que tuvo su candidatura presidencial. Lima, 19 Mayo 2017, (ANDINA).- La segunda vicepresidenta de la Rep\u00fablica, Mercedes Ar\u00e1oz, dijo no conocer al empresario brasile\u00f1o Marcelo Odebrecht y se\u00f1al\u00f3 que el Partido Aprista seguramente explicar\u00e1 sobre [&hellip;]<\/p>\n","protected":false},"author":1,"featured_media":10344,"comment_status":"open","ping_status":"open","sticky":false,"template":"","format":"standard","meta":{"rop_custom_images_group":[],"rop_custom_messages_group":[],"rop_publish_now":"initial","rop_publish_now_accounts":[],"rop_publish_now_history":[],"rop_publish_now_status":"pending","footnotes":""},"categories":[5],"tags":[555,1409,79],"class_list":["post-10343","post","type-post","status-publish","format-standard","has-post-thumbnail","hentry","category-actualidad-informativa","tag-apra","tag-marcelo-odebrecht","tag-mercedes-araoz"],"_links":{"self":[{"href":"https:\/\/elinformanteperu.com\/index.php\/wp-json\/wp\/v2\/posts\/10343","targetHints":{"allow":["GET"]}}],"collection":[{"href":"https:\/\/elinformanteperu.com\/index.php\/wp-json\/wp\/v2\/posts"}],"about":[{"href":"https:\/\/elinformanteperu.com\/index.php\/wp-json\/wp\/v2\/types\/post"}],"author":[{"embeddable":true,"href":"https:\/\/elinformanteperu.com\/index.php\/wp-json\/wp\/v2\/users\/1"}],"replies":[{"embeddable":true,"href":"https:\/\/elinformanteperu.com\/index.php\/wp-json\/wp\/v2\/comments?post=10343"}],"version-history":[{"count":1,"href":"https:\/\/elinformanteperu.com\/index.php\/wp-json\/wp\/v2\/posts\/10343\/revisions"}],"predecessor-version":[{"id":10345,"href":"https:\/\/elinformanteperu.com\/index.php\/wp-json\/wp\/v2\/posts\/10343\/revisions\/10345"}],"wp:featuredmedia":[{"embeddable":true,"href":"https:\/\/elinformanteperu.com\/index.php\/wp-json\/wp\/v2\/media\/10344"}],"wp:attachment":[{"href":"https:\/\/elinformanteperu.com\/index.php\/wp-json\/wp\/v2\/media?parent=10343"}],"wp:term":[{"taxonomy":"category","embeddable":true,"href":"https:\/\/elinformanteperu.com\/index.php\/wp-json\/wp\/v2\/categories?post=10343"},{"taxonomy":"post_tag","embeddable":true,"href":"https:\/\/elinformanteperu.com\/index.php\/wp-json\/wp\/v2\/tags?post=10343"}],"curies":[{"name":"wp","href":"https:\/\/api.w.org\/{rel}","templated":true}]}}