{"id":103171,"date":"2021-08-05T00:05:25","date_gmt":"2021-08-05T05:05:25","guid":{"rendered":"https:\/\/elinformanteperu.com\/?p=103171"},"modified":"2021-08-05T00:05:25","modified_gmt":"2021-08-05T05:05:25","slug":"peruano-luis-abram-asegura-que-jugar-en-europa-es-un-sueno-que-tenia-desde-chico","status":"publish","type":"post","link":"https:\/\/elinformanteperu.com\/index.php\/2021\/08\/05\/peruano-luis-abram-asegura-que-jugar-en-europa-es-un-sueno-que-tenia-desde-chico\/","title":{"rendered":"Peruano Luis Abram asegura que \u00abjugar en Europa es un sue\u00f1o que ten\u00eda desde chico\u00bb"},"content":{"rendered":"<p><strong><span style=\"color: #000000;\">El flamante refuerzo del Granada de Espa\u00f1a asegura que el nuevo reto no le asusta<\/span><\/strong><\/p>\n<p><span style=\"color: #000000;\"><strong>Lima, 04 Agosto 2021, (ANDINA).-<\/strong> El central peruano Luis Abram, \u00faltimo fichaje del Granada, ha dicho este mi\u00e9rcoles que \u00abjugar en Europa es un sue\u00f1o\u00bb que ten\u00eda desde que era peque\u00f1o y un reto que no le asusta y que se toma \u00abcon ilusi\u00f3n y alegr\u00eda\u00bb.<\/span><\/p>\n<p><span style=\"color: #000000;\">Luis Abram, de 25 a\u00f1os y que se ha comprometido con el club espa\u00f1ol para tres temporadas, se ha mostrado en su presentaci\u00f3n oficial \u00abmuy feliz de estar aqu\u00ed\u00bb y ha declarado que se decant\u00f3 por la oferta rojiblanca porque le gust\u00f3 \u00abel proyecto del club\u00bb y porque encaja \u00aben la idea\u00bb de juego que tiene el equipo.<\/span><\/p>\n<p><span style=\"color: #000000;\">El central ha reconocido que tambi\u00e9n fue \u00abun factor importante\u00bb para elegir Granada las conversaciones que mantuvo con sus compatriotas Renato Tapia, que \u00abest\u00e1 haciendo las cosas muy bien\u00bb en el Celta, y con Sergio Pe\u00f1a, exgranadinista que le coment\u00f3 \u00abc\u00f3mo es el club\u00bb al que llega.<\/span><\/p>\n<p><span style=\"color: #000000;\">\u00abJugar en Europa es un sue\u00f1o que ten\u00eda desde chico, algo que siempre quise hacer y que me llena de orgullo\u00bb, ha a\u00f1adido el peruano, que procede del V\u00e9lez Sarsfield argentino.<\/span><\/p>\n<p><span style=\"color: #000000;\">Luis Abram ha asegurado que no le asusta el salto a Europa, sino que es \u00abun reto\u00bb que se toma \u00abcon ilusi\u00f3n y alegr\u00eda\u00bb.<\/span><\/p>\n<p><span style=\"color: #000000;\">En este sentido, ha manifestado que la principal diferencia que cree que hay entre el f\u00fatbol sudamericano y el espa\u00f1ol es que \u00abaqu\u00ed en Europa se juega m\u00e1s r\u00e1pido, con menos toques\u00bb.<\/span><\/p>\n<p><a href=\"https:\/\/elinformanteperu.com\/wp-content\/uploads\/2021\/08\/luis-abram-granada-espana1.jpg\"><img fetchpriority=\"high\" decoding=\"async\" class=\"wp-image-103173 aligncenter\" src=\"https:\/\/elinformanteperu.com\/wp-content\/uploads\/2021\/08\/luis-abram-granada-espana1.jpg\" alt=\"\" width=\"361\" height=\"361\" srcset=\"https:\/\/elinformanteperu.com\/wp-content\/uploads\/2021\/08\/luis-abram-granada-espana1.jpg 1800w, https:\/\/elinformanteperu.com\/wp-content\/uploads\/2021\/08\/luis-abram-granada-espana1-300x300.jpg 300w, https:\/\/elinformanteperu.com\/wp-content\/uploads\/2021\/08\/luis-abram-granada-espana1-1024x1024.jpg 1024w, https:\/\/elinformanteperu.com\/wp-content\/uploads\/2021\/08\/luis-abram-granada-espana1-150x150.jpg 150w, https:\/\/elinformanteperu.com\/wp-content\/uploads\/2021\/08\/luis-abram-granada-espana1-768x768.jpg 768w, https:\/\/elinformanteperu.com\/wp-content\/uploads\/2021\/08\/luis-abram-granada-espana1-1536x1536.jpg 1536w, https:\/\/elinformanteperu.com\/wp-content\/uploads\/2021\/08\/luis-abram-granada-espana1-60x60.jpg 60w, https:\/\/elinformanteperu.com\/wp-content\/uploads\/2021\/08\/luis-abram-granada-espana1-50x50.jpg 50w\" sizes=\"(max-width: 361px) 100vw, 361px\" \/><\/a><\/p>\n","protected":false},"excerpt":{"rendered":"<p>El flamante refuerzo del Granada de Espa\u00f1a asegura que el nuevo reto no le asusta Lima, 04 Agosto 2021, (ANDINA).- El central peruano Luis Abram, \u00faltimo fichaje del Granada, ha dicho este mi\u00e9rcoles que \u00abjugar en Europa es un sue\u00f1o\u00bb que ten\u00eda desde que era peque\u00f1o y un reto que no le asusta y que [&hellip;]<\/p>\n","protected":false},"author":1,"featured_media":103172,"comment_status":"closed","ping_status":"closed","sticky":false,"template":"","format":"standard","meta":{"rop_custom_images_group":[],"rop_custom_messages_group":[],"rop_publish_now":"initial","rop_publish_now_accounts":[],"rop_publish_now_history":[],"rop_publish_now_status":"pending","footnotes":""},"categories":[8],"tags":[1335],"class_list":["post-103171","post","type-post","status-publish","format-standard","has-post-thumbnail","hentry","category-disciplinas-deportivas","tag-luis-abram"],"_links":{"self":[{"href":"https:\/\/elinformanteperu.com\/index.php\/wp-json\/wp\/v2\/posts\/103171","targetHints":{"allow":["GET"]}}],"collection":[{"href":"https:\/\/elinformanteperu.com\/index.php\/wp-json\/wp\/v2\/posts"}],"about":[{"href":"https:\/\/elinformanteperu.com\/index.php\/wp-json\/wp\/v2\/types\/post"}],"author":[{"embeddable":true,"href":"https:\/\/elinformanteperu.com\/index.php\/wp-json\/wp\/v2\/users\/1"}],"replies":[{"embeddable":true,"href":"https:\/\/elinformanteperu.com\/index.php\/wp-json\/wp\/v2\/comments?post=103171"}],"version-history":[{"count":1,"href":"https:\/\/elinformanteperu.com\/index.php\/wp-json\/wp\/v2\/posts\/103171\/revisions"}],"predecessor-version":[{"id":103174,"href":"https:\/\/elinformanteperu.com\/index.php\/wp-json\/wp\/v2\/posts\/103171\/revisions\/103174"}],"wp:featuredmedia":[{"embeddable":true,"href":"https:\/\/elinformanteperu.com\/index.php\/wp-json\/wp\/v2\/media\/103172"}],"wp:attachment":[{"href":"https:\/\/elinformanteperu.com\/index.php\/wp-json\/wp\/v2\/media?parent=103171"}],"wp:term":[{"taxonomy":"category","embeddable":true,"href":"https:\/\/elinformanteperu.com\/index.php\/wp-json\/wp\/v2\/categories?post=103171"},{"taxonomy":"post_tag","embeddable":true,"href":"https:\/\/elinformanteperu.com\/index.php\/wp-json\/wp\/v2\/tags?post=103171"}],"curies":[{"name":"wp","href":"https:\/\/api.w.org\/{rel}","templated":true}]}}