{"id":103162,"date":"2021-08-04T23:35:15","date_gmt":"2021-08-05T04:35:15","guid":{"rendered":"https:\/\/elinformanteperu.com\/?p=103162"},"modified":"2021-08-04T23:35:15","modified_gmt":"2021-08-05T04:35:15","slug":"lukaku-cerca-de-ser-traspasados-por-130-millones-de-euros-al-chelsea","status":"publish","type":"post","link":"https:\/\/elinformanteperu.com\/index.php\/2021\/08\/04\/lukaku-cerca-de-ser-traspasados-por-130-millones-de-euros-al-chelsea\/","title":{"rendered":"Lukaku cerca de ser traspasados por 130 millones de euros al Chelsea"},"content":{"rendered":"<p><strong><span style=\"color: #000000;\">Seg\u00fan la prensa, el Inter de Mil\u00e1n vender\u00eda a su goleador a un precio r\u00e9cord al conjunto londinense<\/span><\/strong><\/p>\n<p><span style=\"color: #000000;\"><strong>Lima, 04 Agosto 2021, (ANDINA).-<\/strong> El delantero internacional belga Romelu Lukaku, del Inter de Mil\u00e1n, est\u00e1 cerca de cerrar un traspaso r\u00e9cord para el f\u00fatbol italiano, pues podr\u00eda recalar en el Chelsea ingl\u00e9s por una cantidad cercana a los 130 millones de euros, informa este mi\u00e9rcoles la prensa italiana.<\/span><\/p>\n<p><span style=\"color: #000000;\">Lukaku, l\u00edder del Inter y autor de 24 goles en la \u00faltima Serie A, podr\u00eda ser el segundo jugador sacrificado por el club milan\u00e9s, tras el marroqu\u00ed Achraf Hakimi, en el intento de aliviar su delicada situaci\u00f3n econ\u00f3mica y el Chelsea ya ha formalizado una oferta que supera los 100 millones, seg\u00fan aseguran los principales diarios deportivos del pa\u00eds, \u00abLa Gazzetta dello Sport\u00bb y \u00abCorriere dello Sport\u00bb.<\/span><\/p>\n<p><span style=\"color: #000000;\">El presidente del Inter, el chino Steven Zhang, de 29 a\u00f1os, podr\u00eda vender al potente delantero belga si el Chelsea llega a una oferta de 130 millones. En este momento, seg\u00fan las fuentes mencionadas, el club ingl\u00e9s propone cerca de 100 millones, m\u00e1s el lateral espa\u00f1ol Marcos Alonso.<\/span><\/p>\n<p><span style=\"color: #000000;\">De cerrarse un traspaso por estas cantidades, Lukaku se convertir\u00eda en la venta m\u00e1s cara de la historia del f\u00fatbol italiano, al superar los 105 millones desembolsados en 2016 por el Manchester United para fichar al franc\u00e9s Paul Pogba, entonces del Juventus Tur\u00edn.<\/span><\/p>\n<p><span style=\"color: #000000;\">El colombiano Duv\u00e1n Zapata, delantero del Atalanta, ser\u00eda el primer objetivo del Inter si finalmente tuviera que sustituir a Lukaku.<\/span><\/p>\n<p><span style=\"color: #000000;\">El belga ya jug\u00f3 en el Chelsea de 2013 a 2017, cuando todav\u00eda era muy joven, y marc\u00f3 87 goles en 166 partidos.<\/span><\/p>\n<p><span style=\"color: #000000;\">El Inter es uno de los clubes italianos que m\u00e1s sufrieron la crisis econ\u00f3mica causada por el coronavirus y su consejero delegado, Giuseppe Marotta, reconoci\u00f3 en los \u00faltimos meses que muchos clubes de elite ya no pueden aguantar esta situaci\u00f3n.<\/span><\/p>\n<p><span style=\"color: #000000;\">El club milan\u00e9s, propiedad del consorcio chino Suning, cerr\u00f3 un acuerdo con el fondo estadounidense Oaktree para recibir un pr\u00e9stamo de 275 millones de euros, que ayudar\u00e1n a que el club sobreviva en los pr\u00f3ximos meses.<\/span><\/p>\n<p><span style=\"color: #000000;\">El club milan\u00e9s, que estaba entre los socios fundadores de la Superliga con la voluntad de aumentar sus ingresos, gast\u00f3 cerca de 150 millones este a\u00f1o solo para pagar los sueldos de sus futbolistas.<\/span><\/p>\n<p><a href=\"https:\/\/elinformanteperu.com\/wp-content\/uploads\/2021\/07\/belgica-lukaku.jpg\"><img fetchpriority=\"high\" decoding=\"async\" class=\"alignnone size-medium wp-image-101374\" src=\"https:\/\/elinformanteperu.com\/wp-content\/uploads\/2021\/07\/belgica-lukaku-300x200.jpg\" alt=\"\" width=\"520\" height=\"200\" \/><\/a><\/p>\n","protected":false},"excerpt":{"rendered":"<p>Seg\u00fan la prensa, el Inter de Mil\u00e1n vender\u00eda a su goleador a un precio r\u00e9cord al conjunto londinense Lima, 04 Agosto 2021, (ANDINA).- El delantero internacional belga Romelu Lukaku, del Inter de Mil\u00e1n, est\u00e1 cerca de cerrar un traspaso r\u00e9cord para el f\u00fatbol italiano, pues podr\u00eda recalar en el Chelsea ingl\u00e9s por una cantidad cercana [&hellip;]<\/p>\n","protected":false},"author":1,"featured_media":103163,"comment_status":"closed","ping_status":"closed","sticky":false,"template":"","format":"standard","meta":{"rop_custom_images_group":[],"rop_custom_messages_group":[],"rop_publish_now":"initial","rop_publish_now_accounts":[],"rop_publish_now_history":[],"rop_publish_now_status":"pending","footnotes":""},"categories":[8],"tags":[1863],"class_list":["post-103162","post","type-post","status-publish","format-standard","has-post-thumbnail","hentry","category-disciplinas-deportivas","tag-romelu-lukaku"],"_links":{"self":[{"href":"https:\/\/elinformanteperu.com\/index.php\/wp-json\/wp\/v2\/posts\/103162","targetHints":{"allow":["GET"]}}],"collection":[{"href":"https:\/\/elinformanteperu.com\/index.php\/wp-json\/wp\/v2\/posts"}],"about":[{"href":"https:\/\/elinformanteperu.com\/index.php\/wp-json\/wp\/v2\/types\/post"}],"author":[{"embeddable":true,"href":"https:\/\/elinformanteperu.com\/index.php\/wp-json\/wp\/v2\/users\/1"}],"replies":[{"embeddable":true,"href":"https:\/\/elinformanteperu.com\/index.php\/wp-json\/wp\/v2\/comments?post=103162"}],"version-history":[{"count":1,"href":"https:\/\/elinformanteperu.com\/index.php\/wp-json\/wp\/v2\/posts\/103162\/revisions"}],"predecessor-version":[{"id":103164,"href":"https:\/\/elinformanteperu.com\/index.php\/wp-json\/wp\/v2\/posts\/103162\/revisions\/103164"}],"wp:featuredmedia":[{"embeddable":true,"href":"https:\/\/elinformanteperu.com\/index.php\/wp-json\/wp\/v2\/media\/103163"}],"wp:attachment":[{"href":"https:\/\/elinformanteperu.com\/index.php\/wp-json\/wp\/v2\/media?parent=103162"}],"wp:term":[{"taxonomy":"category","embeddable":true,"href":"https:\/\/elinformanteperu.com\/index.php\/wp-json\/wp\/v2\/categories?post=103162"},{"taxonomy":"post_tag","embeddable":true,"href":"https:\/\/elinformanteperu.com\/index.php\/wp-json\/wp\/v2\/tags?post=103162"}],"curies":[{"name":"wp","href":"https:\/\/api.w.org\/{rel}","templated":true}]}}