{"id":103159,"date":"2021-08-04T23:30:00","date_gmt":"2021-08-05T04:30:00","guid":{"rendered":"https:\/\/elinformanteperu.com\/?p=103159"},"modified":"2021-08-04T23:30:00","modified_gmt":"2021-08-05T04:30:00","slug":"the-offspring-despide-a-su-baterista-por-no-vacunarse-contra-la-covid-19","status":"publish","type":"post","link":"https:\/\/elinformanteperu.com\/index.php\/2021\/08\/04\/the-offspring-despide-a-su-baterista-por-no-vacunarse-contra-la-covid-19\/","title":{"rendered":"The Offspring despide a su baterista por no vacunarse contra la covid-19"},"content":{"rendered":"<p><span style=\"color: #000000;\"><strong>Los \u00c1ngeles, 04 Agosto 2021, (ANDINA).-<\/strong> El bater\u00eda Pete Parada ha denunciado a trav\u00e9s de su perfil de Twitter que ha sido despedido de la banda The Offspring, de la que era miembro desde 2007, por no haberse vacunado contra la covid-19, una acusaci\u00f3n sobre la que la banda de momento no se ha pronunciado en sus redes.<\/span><\/p>\n<p><span style=\"color: #000000;\">Seg\u00fan ha explicado el m\u00fasico en un largo hilo de mensajes, su decisi\u00f3n se debe a que, debido a su historial m\u00e9dico y las posibles contraindicaciones de la inyecci\u00f3n, su doctor le ha desaconsejado someterse a la misma.<\/span><\/p>\n<p><span style=\"color: #000000;\">\u00abPas\u00e9 el virus hace un a\u00f1o con s\u00edntomas leves,\u00a0as\u00ed que me siento confiado en que ser\u00eda capaz de sobrellevarlo de nuevo,\u00a0pero no tan seguro de sobrevivir a otro brote del s\u00edndrome de Guillain-Barr\u00e9\u00bb, ha argumentado Parada sobre una afecci\u00f3n que ya sufri\u00f3 de peque\u00f1o y que \u00abha ido a peor\u00bb con el tiempo.<\/span><\/p>\n<p><span style=\"color: #000000;\">Se trata de un efecto notificado en un peque\u00f1o porcentaje de los vacunados contra la covid-19 y que produce que el sistema inmunitario del organismo ataque los nervios.<\/span><\/p>\n<p><span style=\"color: #000000;\">\u00abEn mi caso, los riesgos superan con mucho los beneficios\u00bb, insiste el bater\u00eda, que se reconoce \u00abincapaz as\u00ed de cumplir los mandatos de esta industria\u00bb, por lo que \u00abrecientemente se ha decidido\u00bb que \u00abno era seguro\u00bb tenerlo alrededor \u00abni en el estudio ni de gira\u00bb.<\/span><\/p>\n<p><span style=\"color: #000000;\">Parada argumenta que este hilo es una denuncia de la situaci\u00f3n de las personas para las que, como \u00e9l, constituye un riesgo mayor el someterse a las vacunas y que por su decisi\u00f3n han sido \u00abaisladas\u00bb.<\/span><\/p>\n<p><span style=\"color: #000000;\">\u00abEspero que podamos aprender que hay espacio para todas las perspectivas y temores. Evitemos esta tendencia desafortunada a dominar, deshumanizar y cerrar puertas a otros. La poblaci\u00f3n que duda no es un grupo monol\u00edtico y necesita ser escuchada\u00bb, reclama.<\/span><\/p>\n<p><span style=\"color: #000000;\">A este respecto, Parada asegura que no guarda \u00absentimientos negativos\u00bb contra su banda. \u00abEst\u00e1n haciendo lo que consideran que es mejor para ellos y yo estoy haciendo lo mismo. Les deseo lo mejor\u00bb, concluye su mensaje.<\/span><\/p>\n<p><iframe title=\"YouTube video player\" src=\"https:\/\/www.youtube-nocookie.com\/embed\/7iNbnineUCI?controls=0\" width=\"520\" height=\"315\" frameborder=\"0\" allowfullscreen=\"allowfullscreen\"><span data-mce-type=\"bookmark\" style=\"display: inline-block; width: 0px; overflow: hidden; line-height: 0;\" class=\"mce_SELRES_start\">\ufeff<\/span><\/iframe><\/p>\n","protected":false},"excerpt":{"rendered":"<p>Los \u00c1ngeles, 04 Agosto 2021, (ANDINA).- El bater\u00eda Pete Parada ha denunciado a trav\u00e9s de su perfil de Twitter que ha sido despedido de la banda The Offspring, de la que era miembro desde 2007, por no haberse vacunado contra la covid-19, una acusaci\u00f3n sobre la que la banda de momento no se ha pronunciado [&hellip;]<\/p>\n","protected":false},"author":1,"featured_media":103160,"comment_status":"closed","ping_status":"closed","sticky":false,"template":"","format":"standard","meta":{"rop_custom_images_group":[],"rop_custom_messages_group":[],"rop_publish_now":"initial","rop_publish_now_accounts":[],"rop_publish_now_history":[],"rop_publish_now_status":"pending","footnotes":""},"categories":[69],"tags":[6725],"class_list":["post-103159","post","type-post","status-publish","format-standard","has-post-thumbnail","hentry","category-musica","tag-the-offspring"],"_links":{"self":[{"href":"https:\/\/elinformanteperu.com\/index.php\/wp-json\/wp\/v2\/posts\/103159","targetHints":{"allow":["GET"]}}],"collection":[{"href":"https:\/\/elinformanteperu.com\/index.php\/wp-json\/wp\/v2\/posts"}],"about":[{"href":"https:\/\/elinformanteperu.com\/index.php\/wp-json\/wp\/v2\/types\/post"}],"author":[{"embeddable":true,"href":"https:\/\/elinformanteperu.com\/index.php\/wp-json\/wp\/v2\/users\/1"}],"replies":[{"embeddable":true,"href":"https:\/\/elinformanteperu.com\/index.php\/wp-json\/wp\/v2\/comments?post=103159"}],"version-history":[{"count":1,"href":"https:\/\/elinformanteperu.com\/index.php\/wp-json\/wp\/v2\/posts\/103159\/revisions"}],"predecessor-version":[{"id":103161,"href":"https:\/\/elinformanteperu.com\/index.php\/wp-json\/wp\/v2\/posts\/103159\/revisions\/103161"}],"wp:featuredmedia":[{"embeddable":true,"href":"https:\/\/elinformanteperu.com\/index.php\/wp-json\/wp\/v2\/media\/103160"}],"wp:attachment":[{"href":"https:\/\/elinformanteperu.com\/index.php\/wp-json\/wp\/v2\/media?parent=103159"}],"wp:term":[{"taxonomy":"category","embeddable":true,"href":"https:\/\/elinformanteperu.com\/index.php\/wp-json\/wp\/v2\/categories?post=103159"},{"taxonomy":"post_tag","embeddable":true,"href":"https:\/\/elinformanteperu.com\/index.php\/wp-json\/wp\/v2\/tags?post=103159"}],"curies":[{"name":"wp","href":"https:\/\/api.w.org\/{rel}","templated":true}]}}