{"id":103155,"date":"2021-08-04T23:00:39","date_gmt":"2021-08-05T04:00:39","guid":{"rendered":"https:\/\/elinformanteperu.com\/?p=103155"},"modified":"2021-08-04T23:15:06","modified_gmt":"2021-08-05T04:15:06","slug":"leslie-shaw-se-une-al-productor-jacob-forever-en-nuevo-tema","status":"publish","type":"post","link":"https:\/\/elinformanteperu.com\/index.php\/2021\/08\/04\/leslie-shaw-se-une-al-productor-jacob-forever-en-nuevo-tema\/","title":{"rendered":"Leslie Shaw se une al productor Jacob Forever en nuevo tema"},"content":{"rendered":"<p><span style=\"color: #000000;\"><strong>Lima, 04 Agosto 2021, (ANDINA).-<\/strong> La int\u00e9rprete peruana Leslie Shaw se uni\u00f3 al productor Jacob Forever y Mr. Vla con el tema \u00abLa culpa\u00bb.<\/span><\/p>\n<p><span style=\"color: #000000;\">El sencillo, a pocos d\u00edas de su estreno, se ha ubicado como la \u00abHot Song\u00bb en el Per\u00fa seg\u00fan Monitor Latino y su videoclip ya super\u00f3 el mill\u00f3n de reproducciones en YouTube.<\/span><\/p>\n<p><span style=\"color: #000000;\">En este tema est\u00e1 presente el arte de Cuba y Per\u00fa con un videoclip dirigido por Jos\u00e9 Javi Ferrer.<\/span><\/p>\n<p><span style=\"color: #000000;\">\u201cCuando me presentaron el tema enseguida me gust\u00f3 y comenzamos a grabar. Cuando nos vimos con Leslie en el rodaje del video hubo una gran qu\u00edmica, buena vibra y me sent\u00ed muy c\u00f3modo. Con Mr. Vla ya sab\u00eda de su calidad como productor y ten\u00edamos pendiente la oportunidad de trabajar juntos\u201d, cuenta Jacob Forever.<\/span><\/p>\n<p><span style=\"color: #000000;\">Por su parte, el cantante, productor, m\u00fasico y compositor cubano Mr. Vla, quien comenz\u00f3 su carrera musical en Espa\u00f1a, aport\u00f3 su sonido \u00fanico creando sus propios \u2018beats\u201d para una historia que escribi\u00f3 sobre la cotidianeidad de una pareja.<\/span><\/p>\n<p><span style=\"color: #000000;\">Leslie Shaw participa tambi\u00e9n en la composici\u00f3n e interpretaci\u00f3n de \u00abLa Culpa\u00bb, \u00abJacob es un artista que sigo hace tiempo y que suena mucho en Per\u00fa y con Mr.Vla tambi\u00e9n. Gracias a todos por hacer de \u00abLa Culpa\u00bb un hit a corto plazo\u201d a\u00f1adi\u00f3 la artista urbana.<\/span><\/p>\n<p><span style=\"color: #000000;\">\u00abLa Culpa\u00bb est\u00e1 disponible en todas las plataformas digitales y el video musical en YouTube.<\/span><\/p>\n<p><iframe title=\"YouTube video player\" src=\"https:\/\/www.youtube-nocookie.com\/embed\/p-XxvbVuCwA?controls=0\" width=\"520\" height=\"315\" frameborder=\"0\" allowfullscreen=\"allowfullscreen\"><span data-mce-type=\"bookmark\" style=\"display: inline-block; width: 0px; overflow: hidden; line-height: 0;\" class=\"mce_SELRES_start\">\ufeff<\/span><\/iframe><\/p>\n","protected":false},"excerpt":{"rendered":"<p>Lima, 04 Agosto 2021, (ANDINA).- La int\u00e9rprete peruana Leslie Shaw se uni\u00f3 al productor Jacob Forever y Mr. Vla con el tema \u00abLa culpa\u00bb. El sencillo, a pocos d\u00edas de su estreno, se ha ubicado como la \u00abHot Song\u00bb en el Per\u00fa seg\u00fan Monitor Latino y su videoclip ya super\u00f3 el mill\u00f3n de reproducciones en [&hellip;]<\/p>\n","protected":false},"author":1,"featured_media":103156,"comment_status":"closed","ping_status":"closed","sticky":false,"template":"","format":"standard","meta":{"rop_custom_images_group":[],"rop_custom_messages_group":[],"rop_publish_now":"initial","rop_publish_now_accounts":[],"rop_publish_now_history":[],"rop_publish_now_status":"pending","footnotes":""},"categories":[69],"tags":[358],"class_list":["post-103155","post","type-post","status-publish","format-standard","has-post-thumbnail","hentry","category-musica","tag-leslie-shaw"],"_links":{"self":[{"href":"https:\/\/elinformanteperu.com\/index.php\/wp-json\/wp\/v2\/posts\/103155","targetHints":{"allow":["GET"]}}],"collection":[{"href":"https:\/\/elinformanteperu.com\/index.php\/wp-json\/wp\/v2\/posts"}],"about":[{"href":"https:\/\/elinformanteperu.com\/index.php\/wp-json\/wp\/v2\/types\/post"}],"author":[{"embeddable":true,"href":"https:\/\/elinformanteperu.com\/index.php\/wp-json\/wp\/v2\/users\/1"}],"replies":[{"embeddable":true,"href":"https:\/\/elinformanteperu.com\/index.php\/wp-json\/wp\/v2\/comments?post=103155"}],"version-history":[{"count":2,"href":"https:\/\/elinformanteperu.com\/index.php\/wp-json\/wp\/v2\/posts\/103155\/revisions"}],"predecessor-version":[{"id":103158,"href":"https:\/\/elinformanteperu.com\/index.php\/wp-json\/wp\/v2\/posts\/103155\/revisions\/103158"}],"wp:featuredmedia":[{"embeddable":true,"href":"https:\/\/elinformanteperu.com\/index.php\/wp-json\/wp\/v2\/media\/103156"}],"wp:attachment":[{"href":"https:\/\/elinformanteperu.com\/index.php\/wp-json\/wp\/v2\/media?parent=103155"}],"wp:term":[{"taxonomy":"category","embeddable":true,"href":"https:\/\/elinformanteperu.com\/index.php\/wp-json\/wp\/v2\/categories?post=103155"},{"taxonomy":"post_tag","embeddable":true,"href":"https:\/\/elinformanteperu.com\/index.php\/wp-json\/wp\/v2\/tags?post=103155"}],"curies":[{"name":"wp","href":"https:\/\/api.w.org\/{rel}","templated":true}]}}