{"id":10314,"date":"2017-05-19T14:08:31","date_gmt":"2017-05-19T19:08:31","guid":{"rendered":"http:\/\/elinformanteperu.com\/?p=10314"},"modified":"2017-05-19T14:08:31","modified_gmt":"2017-05-19T19:08:31","slug":"minsa-lanza-plan-malaria-cero-para-erradicar-dicha-enfermedad-del-pais","status":"publish","type":"post","link":"https:\/\/elinformanteperu.com\/index.php\/2017\/05\/19\/minsa-lanza-plan-malaria-cero-para-erradicar-dicha-enfermedad-del-pais\/","title":{"rendered":"Minsa lanza plan Malaria Cero para erradicar dicha enfermedad del pa\u00eds"},"content":{"rendered":"<p><strong><span style=\"color: #000000;\">La ministra de Salud, Patricia Garc\u00eda Funegra, present\u00f3 en la localidad de Cahuide, en la ciudad de Iquitos, regi\u00f3n Loreto, el Plan Malaria Cero.<\/span><\/strong><\/p>\n<p><span style=\"color: #000000;\"><strong>Iquitos, 19 Mayo 2017, (ANDINA).-<\/strong> La ministra de Salud, Patricia Garc\u00eda Funegra, present\u00f3 en la localidad de Cahuide, en la ciudad de Iquitos, regi\u00f3n Loreto, el Plan Malaria Cero, que tiene como meta eliminar esa enfermedad de la regi\u00f3n amaz\u00f3nica y del pa\u00eds en los pr\u00f3ximos cinco a\u00f1os.<\/span><\/p>\n<p><span style=\"color: #000000;\">\u00abA la malaria le ganaremos entre todos. Juntos la vamos a vencer. La meta es que para el 2021 hayamos eliminado a la malaria\u00bb, afirm\u00f3 la ministra de Salud ante decenas de pobladores y promotores de salud.<\/span><\/p>\n<p><span style=\"color: #000000;\">Durante el lanzamiento del Plan Malaria Cero, la titular del Ministerio de Salud (Minsa) estuvo acompa\u00f1ada del representante de la OPS\/OMS en el Per\u00fa, Ra\u00fal Gonz\u00e1lez Montero; por la viceministra de Salud P\u00fablica, Silvia Pessah Eljay; del asesor regional en malaria de la OPS, Roberto Montoya Araujo; y del gobernador regional de Loreto, Fernando Mel\u00e9ndez Celis.<\/span><\/p>\n<p><span style=\"color: #000000;\">Por su parte, Ra\u00fal Gonz\u00e1lez Montero, representante de la OPS\/OMS en el Per\u00fa, felicit\u00f3 el lanzamiento del plan. \u201cHoy es un d\u00eda hist\u00f3rico. Como dice la ministra, en esto estamos todos juntos. Es hist\u00f3rico lo que frente a la malaria se plantea un gobierno con una voluntad pol\u00edtica fuerte. A eso hay que sumarle la partida presupuestal y la capacidad t\u00e9cnica del Ministerio de Salud (Minsa), que est\u00e1 al servicio de los peruanos. Nosotros, como organismo internacional de salud, estamos absolutamente al lado del gobierno en esto\u201d, expres\u00f3 Gonz\u00e1lez.<\/span><\/p>\n<p><span style=\"color: #000000;\">El Plan Malaria Cero se basa en el Plan de Malaria en \u00c1reas de Frontera (Pamafro), que se desarroll\u00f3 en el pa\u00eds entre el 2006 y el 2010, y que se articul\u00f3 a trav\u00e9s de la participaci\u00f3n comunitaria.<\/span><\/p>\n<p><span style=\"color: #000000;\">La ministra Patricia Garc\u00eda record\u00f3 que el Pamafro dispuso de 15 millones de soles y que tuvo buenos resultados, pero se descontinu\u00f3. \u00abAhora el Plan Malaria Cero 2017-2021 cuenta con un presupuesto de 89 millones de soles para cumplir con la tarea de eliminar la enfermedad en el pr\u00f3ximo lustro\u00bb, asever\u00f3.<\/span><\/p>\n<p><span style=\"color: #000000;\">El Minsa record\u00f3 que la malaria es transmitida por el zancudo Anopheles cuando este pica a una persona infectada y luego hace lo mismo con una persona sana. Este vector vive en charcos y acequias.<\/span><\/p>\n","protected":false},"excerpt":{"rendered":"<p>La ministra de Salud, Patricia Garc\u00eda Funegra, present\u00f3 en la localidad de Cahuide, en la ciudad de Iquitos, regi\u00f3n Loreto, el Plan Malaria Cero. Iquitos, 19 Mayo 2017, (ANDINA).- La ministra de Salud, Patricia Garc\u00eda Funegra, present\u00f3 en la localidad de Cahuide, en la ciudad de Iquitos, regi\u00f3n Loreto, el Plan Malaria Cero, que tiene [&hellip;]<\/p>\n","protected":false},"author":1,"featured_media":10315,"comment_status":"open","ping_status":"open","sticky":false,"template":"","format":"standard","meta":{"rop_custom_images_group":[],"rop_custom_messages_group":[],"rop_publish_now":"initial","rop_publish_now_accounts":[],"rop_publish_now_history":[],"rop_publish_now_status":"pending","footnotes":""},"categories":[10],"tags":[431,746,1603],"class_list":["post-10314","post","type-post","status-publish","format-standard","has-post-thumbnail","hentry","category-actualidad-municipal","tag-minsa","tag-patricia-garcia","tag-plan-malaria-cero"],"_links":{"self":[{"href":"https:\/\/elinformanteperu.com\/index.php\/wp-json\/wp\/v2\/posts\/10314","targetHints":{"allow":["GET"]}}],"collection":[{"href":"https:\/\/elinformanteperu.com\/index.php\/wp-json\/wp\/v2\/posts"}],"about":[{"href":"https:\/\/elinformanteperu.com\/index.php\/wp-json\/wp\/v2\/types\/post"}],"author":[{"embeddable":true,"href":"https:\/\/elinformanteperu.com\/index.php\/wp-json\/wp\/v2\/users\/1"}],"replies":[{"embeddable":true,"href":"https:\/\/elinformanteperu.com\/index.php\/wp-json\/wp\/v2\/comments?post=10314"}],"version-history":[{"count":1,"href":"https:\/\/elinformanteperu.com\/index.php\/wp-json\/wp\/v2\/posts\/10314\/revisions"}],"predecessor-version":[{"id":10316,"href":"https:\/\/elinformanteperu.com\/index.php\/wp-json\/wp\/v2\/posts\/10314\/revisions\/10316"}],"wp:featuredmedia":[{"embeddable":true,"href":"https:\/\/elinformanteperu.com\/index.php\/wp-json\/wp\/v2\/media\/10315"}],"wp:attachment":[{"href":"https:\/\/elinformanteperu.com\/index.php\/wp-json\/wp\/v2\/media?parent=10314"}],"wp:term":[{"taxonomy":"category","embeddable":true,"href":"https:\/\/elinformanteperu.com\/index.php\/wp-json\/wp\/v2\/categories?post=10314"},{"taxonomy":"post_tag","embeddable":true,"href":"https:\/\/elinformanteperu.com\/index.php\/wp-json\/wp\/v2\/tags?post=10314"}],"curies":[{"name":"wp","href":"https:\/\/api.w.org\/{rel}","templated":true}]}}