{"id":10307,"date":"2017-05-19T13:55:05","date_gmt":"2017-05-19T18:55:05","guid":{"rendered":"http:\/\/elinformanteperu.com\/?p=10307"},"modified":"2017-05-19T15:34:28","modified_gmt":"2017-05-19T20:34:28","slug":"senasa-descarta-danos-en-personas-y-agricultura-por-presencia-de-caracol-gigante-africano","status":"publish","type":"post","link":"https:\/\/elinformanteperu.com\/index.php\/2017\/05\/19\/senasa-descarta-danos-en-personas-y-agricultura-por-presencia-de-caracol-gigante-africano\/","title":{"rendered":"Senasa descarta da\u00f1os en personas y agricultura por presencia de caracol gigante africano"},"content":{"rendered":"<p><strong><span style=\"color: #000000;\">Senasa asegur\u00f3 que la plaga del caracol gigante africano est\u00e1 bajo control en el Per\u00fa y descart\u00f3 de momento la ocurrencia de da\u00f1os en la agricultura.<\/span><\/strong><\/p>\n<p><span style=\"color: #000000;\"><strong>Piura, 19 Mayo 2017, (ANDINA).-<\/strong> El Servicio Nacional de Sanidad Agraria (Senasa) asegur\u00f3 que la plaga del caracol gigante africano est\u00e1 bajo control en el Per\u00fa y descart\u00f3 de momento la ocurrencia de da\u00f1os en la agricultura, as\u00ed como de casos de personas enfermas por contacto con este molusco considerado una de las 100 especies invasoras m\u00e1s da\u00f1inas del mundo.<\/span><\/p>\n<p><span style=\"color: #000000;\">\u201cLo que estamos haciendo es una campa\u00f1a de prevenci\u00f3n para evitar da\u00f1os en las \u00e1reas de cultivo y las personas\u201d, afirm\u00f3 el director ejecutivo del Senasa en Piura, Daniel Alama Mena, quien indic\u00f3 que su presencia en regiones como Piura, Tumbes, Jun\u00edn (Satipo) y Pasco (Chanchamayo), as\u00ed como en otras zonas de la selva central, responde a factores clim\u00e1ticos como las lluvias y el calor intenso, agudizados por eventos como El Ni\u00f1o Costero, que propician su reproducci\u00f3n.<\/span><\/p>\n<p><span style=\"color: #000000;\">El representante del Senasa Piura record\u00f3 que la primera vez que se detect\u00f3 caracoles gigantes africanos en el Per\u00fa fue en el a\u00f1o 2012, en San Ram\u00f3n, provincia de Chanchamayo, regi\u00f3n Jun\u00edn, y proced\u00edan de Brasil.<\/span><\/p>\n<p><span style=\"color: #000000;\">En Piura fueron detectados en el a\u00f1o 2015 y actualmente se registr\u00f3 su presencia en los distritos de Catacaos, 26 de Octubre, Sullana, Querecotillo, Salitral, Santa Rosa, entre otras zonas, agreg\u00f3 Alama Mena.<\/span><\/p>\n<p><span style=\"color: #000000;\">\u201cEstos moluscos hab\u00edan sido tra\u00eddos como mascotas. Al reproducirse de forma desmesurada, pobladores decidieron soltarlos, acci\u00f3n que caus\u00f3 da\u00f1os en cultivos\u201d, coment\u00f3.<\/span><\/p>\n<p><strong><span style=\"color: #000000;\">Caracter\u00edsticas<\/span><\/strong><\/p>\n<p><img fetchpriority=\"high\" decoding=\"async\" class=\"aligncenter size-full wp-image-10308\" src=\"http:\/\/elinformanteperu.com\/wp-content\/uploads\/2017\/05\/senasa-caracol-gigante1.jpg\" alt=\"\" width=\"1800\" height=\"1647\" srcset=\"https:\/\/elinformanteperu.com\/wp-content\/uploads\/2017\/05\/senasa-caracol-gigante1.jpg 1800w, https:\/\/elinformanteperu.com\/wp-content\/uploads\/2017\/05\/senasa-caracol-gigante1-300x275.jpg 300w, https:\/\/elinformanteperu.com\/wp-content\/uploads\/2017\/05\/senasa-caracol-gigante1-768x703.jpg 768w, https:\/\/elinformanteperu.com\/wp-content\/uploads\/2017\/05\/senasa-caracol-gigante1-1024x937.jpg 1024w, https:\/\/elinformanteperu.com\/wp-content\/uploads\/2017\/05\/senasa-caracol-gigante1-128x117.jpg 128w, https:\/\/elinformanteperu.com\/wp-content\/uploads\/2017\/05\/senasa-caracol-gigante1-32x29.jpg 32w\" sizes=\"(max-width: 1800px) 100vw, 1800px\" \/><span style=\"color: #000000;\">El director ejecutivo del Senasa Piura explic\u00f3 que esta especie de caracol mide entre 10 y 30 cent\u00edmetros de largo, tiene su caparaz\u00f3n roto o trunco y, a diferencia de los caracoles convencionales nativos del Per\u00fa que son herb\u00edvoros, esta clase de moluscos terrestres africanos se alimenta de desperdicios y excretas.<\/span><\/p>\n<p><span style=\"color: #000000;\">Por este motivo, el caracol gigante africano puede ser portador de par\u00e1sitos y bacterias que causan enfermedades en el ser humano como la meningoencefalitis eosinof\u00edlica y angiostrongiliasis abdominal, entre otras, advirti\u00f3 el funcionario del Senasa.<\/span><\/p>\n<p><span style=\"color: #000000;\">Refiri\u00f3 que el caracol gigante africano es hermafrodita, es decir, se reproduce por s\u00ed solo, lo cual representa un riesgo de convertirse r\u00e1pidamente en una plaga en los lugares donde existen las condiciones para su existencia.<\/span><\/p>\n<p><strong><span style=\"color: #000000;\">Prevenci\u00f3n y c\u00f3mo eliminar al molusco<\/span><\/strong><\/p>\n<p><span style=\"color: #000000;\">El funcionario del Senasa sostuvo que como parte de las acciones preventivas y de control para mantener al Per\u00fa libre de plagas y enfermedades, dicha instituci\u00f3n perteneciente al Ministerio de Agricultura y Riego recomend\u00f3 a la poblaci\u00f3n evitar tocar, ingerir o criar como mascota a este molusco.<\/span><\/p>\n<p><span style=\"color: #000000;\">Afirm\u00f3 que para para evitar afectaciones a la salud se debe tener en cuenta lo siguiente: proteger las manos con guantes de l\u00e1tex o bolsas pl\u00e1sticas y colocarse mascarillas; evitar botarlos vivos a la basura; sumergirlos en un balde con agua y sal (a raz\u00f3n de tres cucharadas soperas de sal por litro de agua) y esperar por lo menos cinco horas para tener la certeza de su muerte.<\/span><\/p>\n<p><span style=\"color: #000000;\">Para completar su adecuada eliminaci\u00f3n, precis\u00f3 que hay que introducir los caracoles gigantes africanos muertos en bolsas para su posterior desecho en un hoyo de tierra cubierto con cal. Este dep\u00f3sito debe estar alejado de cualquier fuente de agua (canales de riego, acequias, r\u00edos, lagos, entre otras) con una profundidad mayor a 50 cent\u00edmetros, dependiendo de la cantidad de caracoles que van a ser eliminados, para evitar contaminaci\u00f3n ambiental y da\u00f1os a las personas.<\/span><\/p>\n<p><iframe src=\"https:\/\/www.youtube-nocookie.com\/embed\/5D1NkGHUMYw?rel=0&amp;controls=0&amp;showinfo=0\" width=\"560\" height=\"315\" frameborder=\"0\" allowfullscreen=\"allowfullscreen\"><\/iframe><\/p>\n","protected":false},"excerpt":{"rendered":"<p>Senasa asegur\u00f3 que la plaga del caracol gigante africano est\u00e1 bajo control en el Per\u00fa y descart\u00f3 de momento la ocurrencia de da\u00f1os en la agricultura. Piura, 19 Mayo 2017, (ANDINA).- El Servicio Nacional de Sanidad Agraria (Senasa) asegur\u00f3 que la plaga del caracol gigante africano est\u00e1 bajo control en el Per\u00fa y descart\u00f3 de [&hellip;]<\/p>\n","protected":false},"author":1,"featured_media":10309,"comment_status":"open","ping_status":"open","sticky":false,"template":"","format":"standard","meta":{"rop_custom_images_group":[],"rop_custom_messages_group":[],"rop_publish_now":"initial","rop_publish_now_accounts":[],"rop_publish_now_history":[],"rop_publish_now_status":"pending","footnotes":""},"categories":[10],"tags":[1507],"class_list":["post-10307","post","type-post","status-publish","format-standard","has-post-thumbnail","hentry","category-actualidad-municipal","tag-senasa"],"_links":{"self":[{"href":"https:\/\/elinformanteperu.com\/index.php\/wp-json\/wp\/v2\/posts\/10307","targetHints":{"allow":["GET"]}}],"collection":[{"href":"https:\/\/elinformanteperu.com\/index.php\/wp-json\/wp\/v2\/posts"}],"about":[{"href":"https:\/\/elinformanteperu.com\/index.php\/wp-json\/wp\/v2\/types\/post"}],"author":[{"embeddable":true,"href":"https:\/\/elinformanteperu.com\/index.php\/wp-json\/wp\/v2\/users\/1"}],"replies":[{"embeddable":true,"href":"https:\/\/elinformanteperu.com\/index.php\/wp-json\/wp\/v2\/comments?post=10307"}],"version-history":[{"count":2,"href":"https:\/\/elinformanteperu.com\/index.php\/wp-json\/wp\/v2\/posts\/10307\/revisions"}],"predecessor-version":[{"id":10362,"href":"https:\/\/elinformanteperu.com\/index.php\/wp-json\/wp\/v2\/posts\/10307\/revisions\/10362"}],"wp:featuredmedia":[{"embeddable":true,"href":"https:\/\/elinformanteperu.com\/index.php\/wp-json\/wp\/v2\/media\/10309"}],"wp:attachment":[{"href":"https:\/\/elinformanteperu.com\/index.php\/wp-json\/wp\/v2\/media?parent=10307"}],"wp:term":[{"taxonomy":"category","embeddable":true,"href":"https:\/\/elinformanteperu.com\/index.php\/wp-json\/wp\/v2\/categories?post=10307"},{"taxonomy":"post_tag","embeddable":true,"href":"https:\/\/elinformanteperu.com\/index.php\/wp-json\/wp\/v2\/tags?post=10307"}],"curies":[{"name":"wp","href":"https:\/\/api.w.org\/{rel}","templated":true}]}}