{"id":103068,"date":"2021-08-02T19:59:30","date_gmt":"2021-08-03T00:59:30","guid":{"rendered":"https:\/\/elinformanteperu.com\/?p=103068"},"modified":"2021-08-02T19:59:30","modified_gmt":"2021-08-03T00:59:30","slug":"mira-aqui-el-trailer-de-la-casa-de-papel-en-la-primera-entrega-de-su-quinta-temporada","status":"publish","type":"post","link":"https:\/\/elinformanteperu.com\/index.php\/2021\/08\/02\/mira-aqui-el-trailer-de-la-casa-de-papel-en-la-primera-entrega-de-su-quinta-temporada\/","title":{"rendered":"Mira aqu\u00ed el tr\u00e1iler de La Casa de Papel en la primera entrega de su quinta temporada"},"content":{"rendered":"<p><span style=\"color: #000000;\"><strong>Lima, 02 Agosto 2021, (ANDINA).-<\/strong> El tr\u00e1iler oficial del volumen 1 de La casa de papel Parte 5 se dio a conocer para benepl\u00e1cito de los seguidores de la serie que se emite por Netflix.<\/span><\/p>\n<p><span style=\"color: #000000;\">Cien horas que parecen 100 a\u00f1os. As\u00ed describe Tokio c\u00f3mo se siente en el tr\u00e1iler oficial del volumen 1 de La casa de papel Parte 5. El Profesor revela que el Estanque de Tormentas ha sido descubierto mientras el Coronel Tamayo se prepara para que el ej\u00e9rcito entre en el Banco de Espa\u00f1a.<\/span><\/p>\n<p><span style=\"color: #000000;\">Es uno de los momentos de mayor incertidumbre para La Banda. Est\u00e1n contra las cuerdas y parece que esta vez s\u00ed ser\u00e1 su final. Pero, una vez m\u00e1s, sacar\u00e1n fuerzas y luchar\u00e1n hasta el final. Al fin y al cabo son La Resistencia.<\/span><\/p>\n<p><span style=\"color: #000000;\">La casa de papel Parte 5 se estrenar\u00e1 en dos partes, el 3 de setiembre y el 3 de diciembre de este a\u00f1o.<\/span><\/p>\n<p><a href=\"https:\/\/elinformanteperu.com\/wp-content\/uploads\/2021\/08\/la-casa-de-papel-afiche-parte-5.jpg\"><img fetchpriority=\"high\" decoding=\"async\" class=\" wp-image-103070 aligncenter\" src=\"https:\/\/elinformanteperu.com\/wp-content\/uploads\/2021\/08\/la-casa-de-papel-afiche-parte-5.jpg\" alt=\"\" width=\"371\" height=\"536\" srcset=\"https:\/\/elinformanteperu.com\/wp-content\/uploads\/2021\/08\/la-casa-de-papel-afiche-parte-5.jpg 426w, https:\/\/elinformanteperu.com\/wp-content\/uploads\/2021\/08\/la-casa-de-papel-afiche-parte-5-208x300.jpg 208w\" sizes=\"(max-width: 371px) 100vw, 371px\" \/><\/a><\/p>\n<p><span style=\"color: #000000;\">El elenco en esta entrega est\u00e1 conformado por \u00darsula Corber\u00f3, \u00c1lvaro Morte, Itziar Itu\u00f1o, Pedro Alonso, Miguel Herr\u00e1n, Jaime Lorente, Esther Acebo, Enrique Arce, Rodrigo de la Serna y Darko Peric.<\/span><\/p>\n<p><span style=\"color: #000000;\">Junto a ellos Najwa Nimri, Hovik Keuchkerian, Luka Peros, Bel\u00e9n Cuesta, Fernando Cayo, Fernando Soto, Jose Manuel Poga, Mario de la Rosa.<\/span><\/p>\n<p><span style=\"color: #000000;\">La historia en esta entrega nos indica que la banda lleva encerrada m\u00e1s de 100 horas en el Banco de Espa\u00f1a, donde han conseguido rescatar a Lisboa pero viven uno de sus peores momentos tras haber perdido a uno de los suyos.<\/span><\/p>\n<p><span style=\"color: #000000;\">El Profesor ha sido capturado por Sierra y, por primera vez, no cuenta con un plan para escapar. Cuando parece que nada puede ir a peor, llegar\u00e1 un nuevo enemigo mucho m\u00e1s poderoso que cualquiera de los anteriores: el ej\u00e9rcito.<\/span><\/p>\n<p><span style=\"color: #000000;\">Se acerca el final del mayor atraco de la historia y lo que empez\u00f3 siendo un robo ahora se transformar\u00e1 en una guerra.<\/span><\/p>\n<p><iframe title=\"YouTube video player\" src=\"https:\/\/www.youtube-nocookie.com\/embed\/6UMmM_XmFVg?controls=0\" width=\"520\" height=\"315\" frameborder=\"0\" allowfullscreen=\"allowfullscreen\"><span data-mce-type=\"bookmark\" style=\"display: inline-block; width: 0px; overflow: hidden; line-height: 0;\" class=\"mce_SELRES_start\">\ufeff<\/span><\/iframe><\/p>\n","protected":false},"excerpt":{"rendered":"<p>Lima, 02 Agosto 2021, (ANDINA).- El tr\u00e1iler oficial del volumen 1 de La casa de papel Parte 5 se dio a conocer para benepl\u00e1cito de los seguidores de la serie que se emite por Netflix. Cien horas que parecen 100 a\u00f1os. As\u00ed describe Tokio c\u00f3mo se siente en el tr\u00e1iler oficial del volumen 1 de [&hellip;]<\/p>\n","protected":false},"author":1,"featured_media":103069,"comment_status":"closed","ping_status":"closed","sticky":false,"template":"","format":"standard","meta":{"rop_custom_images_group":[],"rop_custom_messages_group":[],"rop_publish_now":"initial","rop_publish_now_accounts":[],"rop_publish_now_history":[],"rop_publish_now_status":"pending","footnotes":""},"categories":[70],"tags":[],"class_list":["post-103068","post","type-post","status-publish","format-standard","has-post-thumbnail","hentry","category-farandula"],"_links":{"self":[{"href":"https:\/\/elinformanteperu.com\/index.php\/wp-json\/wp\/v2\/posts\/103068","targetHints":{"allow":["GET"]}}],"collection":[{"href":"https:\/\/elinformanteperu.com\/index.php\/wp-json\/wp\/v2\/posts"}],"about":[{"href":"https:\/\/elinformanteperu.com\/index.php\/wp-json\/wp\/v2\/types\/post"}],"author":[{"embeddable":true,"href":"https:\/\/elinformanteperu.com\/index.php\/wp-json\/wp\/v2\/users\/1"}],"replies":[{"embeddable":true,"href":"https:\/\/elinformanteperu.com\/index.php\/wp-json\/wp\/v2\/comments?post=103068"}],"version-history":[{"count":1,"href":"https:\/\/elinformanteperu.com\/index.php\/wp-json\/wp\/v2\/posts\/103068\/revisions"}],"predecessor-version":[{"id":103071,"href":"https:\/\/elinformanteperu.com\/index.php\/wp-json\/wp\/v2\/posts\/103068\/revisions\/103071"}],"wp:featuredmedia":[{"embeddable":true,"href":"https:\/\/elinformanteperu.com\/index.php\/wp-json\/wp\/v2\/media\/103069"}],"wp:attachment":[{"href":"https:\/\/elinformanteperu.com\/index.php\/wp-json\/wp\/v2\/media?parent=103068"}],"wp:term":[{"taxonomy":"category","embeddable":true,"href":"https:\/\/elinformanteperu.com\/index.php\/wp-json\/wp\/v2\/categories?post=103068"},{"taxonomy":"post_tag","embeddable":true,"href":"https:\/\/elinformanteperu.com\/index.php\/wp-json\/wp\/v2\/tags?post=103068"}],"curies":[{"name":"wp","href":"https:\/\/api.w.org\/{rel}","templated":true}]}}