{"id":103064,"date":"2021-08-01T16:39:38","date_gmt":"2021-08-01T21:39:38","guid":{"rendered":"https:\/\/elinformanteperu.com\/?p=103064"},"modified":"2021-08-01T16:39:38","modified_gmt":"2021-08-01T21:39:38","slug":"minsa-advierte-que-supervivientes-del-covid-19-presentan-deterioro-en-su-salud-mental","status":"publish","type":"post","link":"https:\/\/elinformanteperu.com\/index.php\/2021\/08\/01\/minsa-advierte-que-supervivientes-del-covid-19-presentan-deterioro-en-su-salud-mental\/","title":{"rendered":"Minsa advierte que supervivientes del covid-19 presentan deterioro en su salud mental"},"content":{"rendered":"<p><strong><span style=\"color: #000000;\">64.2% de refiri\u00f3 problemas de sue\u00f1o y el 18.4% severidad del riesgo suicida, revela estudio<\/span><\/strong><\/p>\n<p><span style=\"color: #000000;\"><strong>Lima, 01 Agosto 2021, (ANDINA).-<\/strong> Las personas que contrajeron la covid-19 presentan deterioro en su salud mental que impacta en su calidad de vida ante las secuelas de la infecci\u00f3n. As\u00ed lo demostr\u00f3 un estudio realizado en Lima Metropolitana por el Instituto Nacional de Salud Mental (INSM) del Ministerio de Salud (Minsa).<\/span><\/p>\n<p><span style=\"color: #000000;\">La investigaci\u00f3n denominada &#8216;Estudio epidemiol\u00f3gico sobre el impacto de la pandemia covid-19 en la salud mental de la poblaci\u00f3n de Lima Metropolitana&#8217; revel\u00f3 que el 64.2% de los sobrevivientes refiri\u00f3 problemas de sue\u00f1o y el 18.4% severidad del riesgo suicida.<\/span><\/p>\n<p><span style=\"color: #000000;\">El estudio, con una muestra de 1823 personas, evidenci\u00f3 que en las personas contagiadas por el virus la calidad de vida disminuy\u00f3 de 7.9% a 7.6%, mientras que la prevalencia de trastornos psiqui\u00e1tricos aument\u00f3 en 42.8% frente al 28.5% que no se infect\u00f3. <\/span><\/p>\n<p><span style=\"color: #000000;\">Al respecto, el doctor Humberto Castillo Martell, director general del INSM, manifest\u00f3 que el impacto del virus adem\u00e1s de centrarse en el cuerpo de la persona, tambi\u00e9n se centra en la mente, con crisis m\u00e1s emocionales y de p\u00e1nico; adem\u00e1s de cuadros de ansiedad, depresi\u00f3n y trastorno de estr\u00e9s postraum\u00e1tico.<\/span><\/p>\n<p><span style=\"color: #000000;\">\u00abLa experiencia que lleva a las personas a enfrentar aisladamente la enfermedad, la angustia cuando tienen dificultades para respirar, el miedo a perder la vida; y en casos severos, la necesidad de internamientos prolongados y respiradores mec\u00e1nicos, despertando solos lejos de su familia, genera en ellos un encuentro de emociones, confusi\u00f3n mental y hasta pesadillas perturbadoras\u201d, precis\u00f3.<\/span><\/p>\n<p><span style=\"color: #000000;\">Para aliviar esos sentimientos, Castillo Martell recomend\u00f3 a los sobrevivientes la pr\u00e1ctica de terapias de relajaci\u00f3n, a trav\u00e9s de la respiraci\u00f3n, para canalizar los malos pensamientos.<\/span><\/p>\n<p><span style=\"color: #000000;\">Asimismo, la terapia reflexiva, que es la base de la psicoterapia y tiene que ver con identificar lo que sentimos. \u201cTenemos que reconocer nuestras emociones, nuestros miedos, nuestras tristezas, nuestras c\u00f3leras y tambi\u00e9n reconocerlos en el otro y luego pensarlo cr\u00edticamente\u201d.<\/span><\/p>\n<p><span style=\"color: #000000;\">Se\u00f1al\u00f3 tambi\u00e9n que en caso de no poder controlar las emociones se debe buscar ayuda profesional o acudir a los Centros de Salud Mental Comunitarios implementados en el pa\u00eds.<\/span><\/p>\n<p><span style=\"color: #000000;\">La investigaci\u00f3n contin\u00faa<\/span><\/p>\n<p><span style=\"color: #000000;\">El psiquiatra indic\u00f3 que en otros estudios en el mundo tambi\u00e9n se est\u00e1 observando afectaciones en el campo biol\u00f3gico, neurol\u00f3gico y la capacidad cognitiva. \u201cQuedan con problemas de memoria, cansancio, debilidad, adormecimiento en el cuerpo\u201d. <\/span><\/p>\n<p><span style=\"color: #000000;\">En esa l\u00ednea, recalc\u00f3 la importancia de continuar investigando a mayor profundidad el alcance de las nuevas variantes, para conocer sus causales, a fin de reformular pol\u00edticas y servicios para cuidar a la poblaci\u00f3n global.<\/span><\/p>\n","protected":false},"excerpt":{"rendered":"<p>64.2% de refiri\u00f3 problemas de sue\u00f1o y el 18.4% severidad del riesgo suicida, revela estudio Lima, 01 Agosto 2021, (ANDINA).- Las personas que contrajeron la covid-19 presentan deterioro en su salud mental que impacta en su calidad de vida ante las secuelas de la infecci\u00f3n. As\u00ed lo demostr\u00f3 un estudio realizado en Lima Metropolitana por [&hellip;]<\/p>\n","protected":false},"author":1,"featured_media":103065,"comment_status":"closed","ping_status":"closed","sticky":false,"template":"","format":"standard","meta":{"rop_custom_images_group":[],"rop_custom_messages_group":[],"rop_publish_now":"initial","rop_publish_now_accounts":[],"rop_publish_now_history":[],"rop_publish_now_status":"pending","footnotes":""},"categories":[10,5745],"tags":[6322,388,431],"class_list":["post-103064","post","type-post","status-publish","format-standard","has-post-thumbnail","hentry","category-actualidad-municipal","category-lo-ultimo","tag-covid-segunda-ola","tag-ministerio-de-salud","tag-minsa"],"_links":{"self":[{"href":"https:\/\/elinformanteperu.com\/index.php\/wp-json\/wp\/v2\/posts\/103064","targetHints":{"allow":["GET"]}}],"collection":[{"href":"https:\/\/elinformanteperu.com\/index.php\/wp-json\/wp\/v2\/posts"}],"about":[{"href":"https:\/\/elinformanteperu.com\/index.php\/wp-json\/wp\/v2\/types\/post"}],"author":[{"embeddable":true,"href":"https:\/\/elinformanteperu.com\/index.php\/wp-json\/wp\/v2\/users\/1"}],"replies":[{"embeddable":true,"href":"https:\/\/elinformanteperu.com\/index.php\/wp-json\/wp\/v2\/comments?post=103064"}],"version-history":[{"count":1,"href":"https:\/\/elinformanteperu.com\/index.php\/wp-json\/wp\/v2\/posts\/103064\/revisions"}],"predecessor-version":[{"id":103066,"href":"https:\/\/elinformanteperu.com\/index.php\/wp-json\/wp\/v2\/posts\/103064\/revisions\/103066"}],"wp:featuredmedia":[{"embeddable":true,"href":"https:\/\/elinformanteperu.com\/index.php\/wp-json\/wp\/v2\/media\/103065"}],"wp:attachment":[{"href":"https:\/\/elinformanteperu.com\/index.php\/wp-json\/wp\/v2\/media?parent=103064"}],"wp:term":[{"taxonomy":"category","embeddable":true,"href":"https:\/\/elinformanteperu.com\/index.php\/wp-json\/wp\/v2\/categories?post=103064"},{"taxonomy":"post_tag","embeddable":true,"href":"https:\/\/elinformanteperu.com\/index.php\/wp-json\/wp\/v2\/tags?post=103064"}],"curies":[{"name":"wp","href":"https:\/\/api.w.org\/{rel}","templated":true}]}}