{"id":10298,"date":"2017-05-19T13:26:27","date_gmt":"2017-05-19T18:26:27","guid":{"rendered":"http:\/\/elinformanteperu.com\/?p=10298"},"modified":"2017-05-19T13:28:20","modified_gmt":"2017-05-19T18:28:20","slug":"maicelo-asi-se-prepara-para-la-pelea-de-su-vida-en-el-madison-square-garden","status":"publish","type":"post","link":"https:\/\/elinformanteperu.com\/index.php\/2017\/05\/19\/maicelo-asi-se-prepara-para-la-pelea-de-su-vida-en-el-madison-square-garden\/","title":{"rendered":"Maicelo: As\u00ed se prepara para la \u00abpelea de su vida\u00bb en el Madison Square Garden"},"content":{"rendered":"<p><strong><span style=\"color: #000000;\">El boxeador peruano, Jonathan Maicelo, entrena de manera intensa para lo que ser\u00e1 la \u00abpelea de su vida\u00bb en el m\u00edtico Madison Square Garden.<\/span><\/strong><\/p>\n<p><span style=\"color: #000000;\"><strong>Lima, 19 Mayo 2017, (ANDINA).-<\/strong> A pocas horas de enfrentar al mexicano Raymundo Beltr\u00e1n, el boxeador peruano, Jonathan Maicelo, entrena de manera intensa para lo que ser\u00e1 la \u00abpelea de su vida\u00bb porque siempre so\u00f1\u00f3 actuar en el m\u00edtico Madison Square Garden, donde buscar\u00e1 subir un pelda\u00f1o en su lucha por alcanzar el t\u00edtulo mundial de peso ligero.<\/span><\/p>\n<p><span style=\"color: #000000;\">Maicelo, quien se autoproclama \u00abel \u00faltimo inca\u00bb, pero prefiere ser nominado como el no se muestra nervioso, todo lo contrario se siente motivado por la pelea que espero \u00abtoda su vida\u00bb<\/span><\/p>\n<p><span style=\"color: #000000;\">\u201cEstoy muy motivado porque so\u00f1\u00e9 toda mi vida en pelear en el Madison Square Garden. Recuerdo cuando ve\u00eda las peleas de Kike P\u00e9rez y muchas de ellas fueron en este lugar\u201d, dijo Maicelo.<\/span><\/p>\n<p><span style=\"color: #000000;\">Jonathan Maicelo asegur\u00f3 que en la velada de ma\u00f1ana pone en juego muchas cosas y para \u00e9l es importante ganar, ya que se trata hacerlo en la meca del boxeo mundial ser\u00eda hacer realidad un sue\u00f1o.<\/span><\/p>\n<p><span style=\"color: #000000;\">\u201cEst\u00e1 en juego muchas cosas, quiero ganar por un tema de emblema de este lugar y la otra es porque me har\u00e1 pelear definitivamente el t\u00edtulo mundial. Obligatoriamente con cualquiera de los campeones de diferentes disciplinas. Esta pelea es a dos asaltos, por eso la considero como un t\u00edtulo mundial\u201d, agreg\u00f3 a RPP.<\/span><\/p>\n<p><span style=\"color: #000000;\">Finalmente, Maicelo de 33 a\u00f1os dio a conocer que dej\u00f3 de llamarse \u2018La Cobra\u2019 y se proclama \u2018El \u00faltimo Inca\u2019 y se compar\u00f3 con los incas Atahualpa y Manco C\u00e1pac.<\/span><\/p>\n<p><span style=\"color: #000000;\">El combate entre Jonathan Maicelo y Ray Beltr\u00e1n ser\u00e1 eliminatorio por el t\u00edtulo mundial de peso ligero de la Federaci\u00f3n Internacional de Boxeo (FIB).<\/span><\/p>\n<p><span style=\"color: #000000;\">Es decir, el ganador ser\u00e1 el retador inmediato al cintur\u00f3n que actualmente posee Robert Easter Jr.<\/span><\/p>\n<p><span style=\"color: #000000;\">El encuentro entre Jonathan Maicelo y Ray Beltr\u00e1n ser\u00e1 trasmitido desde las 22:15 horas del s\u00e1bado por la se\u00f1al de Golden.<\/span><\/p>\n<p><img fetchpriority=\"high\" decoding=\"async\" class=\"aligncenter size-full wp-image-10300\" src=\"http:\/\/elinformanteperu.com\/wp-content\/uploads\/2017\/05\/maicelo-madison1.jpg\" alt=\"\" width=\"500\" height=\"463\" srcset=\"https:\/\/elinformanteperu.com\/wp-content\/uploads\/2017\/05\/maicelo-madison1.jpg 500w, https:\/\/elinformanteperu.com\/wp-content\/uploads\/2017\/05\/maicelo-madison1-300x278.jpg 300w, https:\/\/elinformanteperu.com\/wp-content\/uploads\/2017\/05\/maicelo-madison1-128x119.jpg 128w, https:\/\/elinformanteperu.com\/wp-content\/uploads\/2017\/05\/maicelo-madison1-32x30.jpg 32w\" sizes=\"(max-width: 500px) 100vw, 500px\" \/><\/p>\n<p>https:\/\/www.facebook.com\/FighterClubPeru\/videos\/430562030655152\/<\/p>\n","protected":false},"excerpt":{"rendered":"<p>El boxeador peruano, Jonathan Maicelo, entrena de manera intensa para lo que ser\u00e1 la \u00abpelea de su vida\u00bb en el m\u00edtico Madison Square Garden. Lima, 19 Mayo 2017, (ANDINA).- A pocas horas de enfrentar al mexicano Raymundo Beltr\u00e1n, el boxeador peruano, Jonathan Maicelo, entrena de manera intensa para lo que ser\u00e1 la \u00abpelea de su [&hellip;]<\/p>\n","protected":false},"author":1,"featured_media":10299,"comment_status":"open","ping_status":"open","sticky":false,"template":"","format":"standard","meta":{"rop_custom_images_group":[],"rop_custom_messages_group":[],"rop_publish_now":"initial","rop_publish_now_accounts":[],"rop_publish_now_history":[],"rop_publish_now_status":"pending","footnotes":""},"categories":[8],"tags":[1305],"class_list":["post-10298","post","type-post","status-publish","format-standard","has-post-thumbnail","hentry","category-disciplinas-deportivas","tag-jonathan-maicelo"],"_links":{"self":[{"href":"https:\/\/elinformanteperu.com\/index.php\/wp-json\/wp\/v2\/posts\/10298","targetHints":{"allow":["GET"]}}],"collection":[{"href":"https:\/\/elinformanteperu.com\/index.php\/wp-json\/wp\/v2\/posts"}],"about":[{"href":"https:\/\/elinformanteperu.com\/index.php\/wp-json\/wp\/v2\/types\/post"}],"author":[{"embeddable":true,"href":"https:\/\/elinformanteperu.com\/index.php\/wp-json\/wp\/v2\/users\/1"}],"replies":[{"embeddable":true,"href":"https:\/\/elinformanteperu.com\/index.php\/wp-json\/wp\/v2\/comments?post=10298"}],"version-history":[{"count":3,"href":"https:\/\/elinformanteperu.com\/index.php\/wp-json\/wp\/v2\/posts\/10298\/revisions"}],"predecessor-version":[{"id":10303,"href":"https:\/\/elinformanteperu.com\/index.php\/wp-json\/wp\/v2\/posts\/10298\/revisions\/10303"}],"wp:featuredmedia":[{"embeddable":true,"href":"https:\/\/elinformanteperu.com\/index.php\/wp-json\/wp\/v2\/media\/10299"}],"wp:attachment":[{"href":"https:\/\/elinformanteperu.com\/index.php\/wp-json\/wp\/v2\/media?parent=10298"}],"wp:term":[{"taxonomy":"category","embeddable":true,"href":"https:\/\/elinformanteperu.com\/index.php\/wp-json\/wp\/v2\/categories?post=10298"},{"taxonomy":"post_tag","embeddable":true,"href":"https:\/\/elinformanteperu.com\/index.php\/wp-json\/wp\/v2\/tags?post=10298"}],"curies":[{"name":"wp","href":"https:\/\/api.w.org\/{rel}","templated":true}]}}