{"id":102740,"date":"2021-07-27T00:55:06","date_gmt":"2021-07-27T05:55:06","guid":{"rendered":"https:\/\/elinformanteperu.com\/?p=102740"},"modified":"2021-07-27T00:55:06","modified_gmt":"2021-07-27T05:55:06","slug":"pedro-castillo-saluda-eleccion-de-maria-del-carmen-alva-como-presidenta-del-congreso","status":"publish","type":"post","link":"https:\/\/elinformanteperu.com\/index.php\/2021\/07\/27\/pedro-castillo-saluda-eleccion-de-maria-del-carmen-alva-como-presidenta-del-congreso\/","title":{"rendered":"Pedro Castillo saluda elecci\u00f3n de Mar\u00eda del Carmen Alva como presidenta del Congreso"},"content":{"rendered":"<p><span style=\"color: #000000;\"><strong>Lima, 26 Julio 2021, (ANDINA).-<\/strong> El presidente electo, Pedro Castillo, salud\u00f3 hoy la elecci\u00f3n de la nueva presidenta del Congreso de la Rep\u00fablica, Mar\u00eda del Carmen Alva y mostr\u00f3 su voluntad de trabajar en conjunto por el bien del pa\u00eds.<\/span><\/p>\n<p><span style=\"color: #000000;\">A trav\u00e9s de su cuenta de Twitter, Castillo felicit\u00f3 a la congresista de la bancada de Acci\u00f3n Popular, quien hoy fue elegida como titular del Parlamento para el periodo legislativo 2021-2022, tras haberse impuesto en las elecciones para la Mesa Directiva.<\/span><\/p>\n<p><span style=\"color: #000000;\">\u201cSaludamos la elecci\u00f3n de la nueva presidenta del Congreso, Mar\u00eda del Carmen Alva. Expresamos nuestra voluntad para trabajar juntos en este Per\u00fa del bicentenario\u201d, indic\u00f3 Castillo.<\/span><\/p>\n<p><span style=\"color: #000000;\">Precisamente, Mar\u00eda del Carmen Alva, tras ser electa como presidenta del Parlamento, tambi\u00e9n mostr\u00f3 su disposici\u00f3n de trabajar junto al gobierno, en el marco de un di\u00e1logo respetuoso que ponga fin al conflicto de poderes.<\/span><\/p>\n<blockquote class=\"twitter-tweet\">\n<p dir=\"ltr\" lang=\"es\">Saludamos la elecci\u00f3n de la nueva presidenta del Congreso, Mar\u00eda del Carmen Alva. Expresamos nuestra voluntad para trabajar juntos en este <a href=\"https:\/\/twitter.com\/hashtag\/Per%C3%BADelBicentenario?src=hash&amp;ref_src=twsrc%5Etfw\">#Per\u00faDelBicentenario<\/a><\/p>\n<p>\u2014 Pedro Castillo Terrones (@PedroCastilloTe) <a href=\"https:\/\/twitter.com\/PedroCastilloTe\/status\/1419868876523900928?ref_src=twsrc%5Etfw\">July 27, 2021<\/a><\/p><\/blockquote>\n<p><script async src=\"https:\/\/platform.twitter.com\/widgets.js\" charset=\"utf-8\"><\/script><\/p>\n","protected":false},"excerpt":{"rendered":"<p>Lima, 26 Julio 2021, (ANDINA).- El presidente electo, Pedro Castillo, salud\u00f3 hoy la elecci\u00f3n de la nueva presidenta del Congreso de la Rep\u00fablica, Mar\u00eda del Carmen Alva y mostr\u00f3 su voluntad de trabajar en conjunto por el bien del pa\u00eds. A trav\u00e9s de su cuenta de Twitter, Castillo felicit\u00f3 a la congresista de la bancada [&hellip;]<\/p>\n","protected":false},"author":1,"featured_media":102741,"comment_status":"closed","ping_status":"closed","sticky":false,"template":"","format":"standard","meta":{"rop_custom_images_group":[],"rop_custom_messages_group":[],"rop_publish_now":"initial","rop_publish_now_accounts":[],"rop_publish_now_history":[],"rop_publish_now_status":"pending","footnotes":""},"categories":[5],"tags":[192,6706,2092,5006],"class_list":["post-102740","post","type-post","status-publish","format-standard","has-post-thumbnail","hentry","category-actualidad-informativa","tag-congreso","tag-maria-del-carmen-alva","tag-pedro-castillo","tag-peru-libre"],"_links":{"self":[{"href":"https:\/\/elinformanteperu.com\/index.php\/wp-json\/wp\/v2\/posts\/102740","targetHints":{"allow":["GET"]}}],"collection":[{"href":"https:\/\/elinformanteperu.com\/index.php\/wp-json\/wp\/v2\/posts"}],"about":[{"href":"https:\/\/elinformanteperu.com\/index.php\/wp-json\/wp\/v2\/types\/post"}],"author":[{"embeddable":true,"href":"https:\/\/elinformanteperu.com\/index.php\/wp-json\/wp\/v2\/users\/1"}],"replies":[{"embeddable":true,"href":"https:\/\/elinformanteperu.com\/index.php\/wp-json\/wp\/v2\/comments?post=102740"}],"version-history":[{"count":1,"href":"https:\/\/elinformanteperu.com\/index.php\/wp-json\/wp\/v2\/posts\/102740\/revisions"}],"predecessor-version":[{"id":102742,"href":"https:\/\/elinformanteperu.com\/index.php\/wp-json\/wp\/v2\/posts\/102740\/revisions\/102742"}],"wp:featuredmedia":[{"embeddable":true,"href":"https:\/\/elinformanteperu.com\/index.php\/wp-json\/wp\/v2\/media\/102741"}],"wp:attachment":[{"href":"https:\/\/elinformanteperu.com\/index.php\/wp-json\/wp\/v2\/media?parent=102740"}],"wp:term":[{"taxonomy":"category","embeddable":true,"href":"https:\/\/elinformanteperu.com\/index.php\/wp-json\/wp\/v2\/categories?post=102740"},{"taxonomy":"post_tag","embeddable":true,"href":"https:\/\/elinformanteperu.com\/index.php\/wp-json\/wp\/v2\/tags?post=102740"}],"curies":[{"name":"wp","href":"https:\/\/api.w.org\/{rel}","templated":true}]}}