{"id":102737,"date":"2021-07-27T00:52:02","date_gmt":"2021-07-27T05:52:02","guid":{"rendered":"https:\/\/elinformanteperu.com\/?p=102737"},"modified":"2021-07-27T00:52:02","modified_gmt":"2021-07-27T05:52:02","slug":"vladimir-cerron-se-reune-con-evo-morales-y-afirma-que-no-participara-en-el-gobierno","status":"publish","type":"post","link":"https:\/\/elinformanteperu.com\/index.php\/2021\/07\/27\/vladimir-cerron-se-reune-con-evo-morales-y-afirma-que-no-participara-en-el-gobierno\/","title":{"rendered":"Vladimir Cerr\u00f3n se re\u00fane con Evo Morales y afirma que no participar\u00e1 en el gobierno"},"content":{"rendered":"<p><strong><span style=\"color: #000000;\">Vladimir Cerr\u00f3n dice que se mantendr\u00e1 en el nivel partidario<\/span><\/strong><\/p>\n<p><span style=\"color: #000000;\"><strong>Lima, 26 Julio 2021, (ANDINA).-<\/strong> El secretario general de Per\u00fa Libre, Vladimir Cerr\u00f3n se\u00f1al\u00f3 que no desempe\u00f1ar\u00e1 ning\u00fan papel en el gobierno de Pedro Castillo, ya que sus planteamientos los har\u00e1 desde el partido pol\u00edtico que encabeza.<\/span><\/p>\n<p><span style=\"color: #000000;\">\u201cNo estoy participando en el gobierno ni voy a participar\u201d, se\u00f1al\u00f3 el dirigente, en declaraciones a la prensa realizadas a su salida de un local en el que particip\u00f3 de una cena con el expresidente boliviano, Evo Morales.<\/span><\/p>\n<p><span style=\"color: #000000;\">Recalc\u00f3 que desde el plano partidario y del pueblo pueden percibirse aspectos que desde el gobierno no se perciben, y viceversa. \u201cPor eso es necesaria la comunicaci\u00f3n\u201d, afirm\u00f3.<\/span><\/p>\n<p><span style=\"color: #000000;\">Cerr\u00f3n indic\u00f3 que sus frases sobre el devenir de la gesti\u00f3n de Castillo, expresadas en una reuni\u00f3n con militantes de Per\u00fa Libre suponen \u201cplanteamientos y sugerencias sobre lo planteado en campa\u00f1a\u201d.<\/span><\/p>\n<p><span style=\"color: #000000;\">\u201cEsperamos que el gobierno sea consecuente con la posici\u00f3n mayoritaria, que es la que ha ganado en este proceso electoral\u201d, dijo Cerr\u00f3n, quien tambi\u00e9n precis\u00f3 que, por su profesi\u00f3n de m\u00e9dico y su gesti\u00f3n como gobernador de Jun\u00edn, se le consult\u00f3 su opini\u00f3n en la transferencia del sector salud.<\/span><\/p>\n","protected":false},"excerpt":{"rendered":"<p>Vladimir Cerr\u00f3n dice que se mantendr\u00e1 en el nivel partidario Lima, 26 Julio 2021, (ANDINA).- El secretario general de Per\u00fa Libre, Vladimir Cerr\u00f3n se\u00f1al\u00f3 que no desempe\u00f1ar\u00e1 ning\u00fan papel en el gobierno de Pedro Castillo, ya que sus planteamientos los har\u00e1 desde el partido pol\u00edtico que encabeza. \u201cNo estoy participando en el gobierno ni voy [&hellip;]<\/p>\n","protected":false},"author":1,"featured_media":102738,"comment_status":"closed","ping_status":"closed","sticky":false,"template":"","format":"standard","meta":{"rop_custom_images_group":[],"rop_custom_messages_group":[],"rop_publish_now":"initial","rop_publish_now_accounts":[],"rop_publish_now_history":[],"rop_publish_now_status":"pending","footnotes":""},"categories":[5,5745],"tags":[2119,4743],"class_list":["post-102737","post","type-post","status-publish","format-standard","has-post-thumbnail","hentry","category-actualidad-informativa","category-lo-ultimo","tag-evo-morales","tag-vladimir-cerron"],"_links":{"self":[{"href":"https:\/\/elinformanteperu.com\/index.php\/wp-json\/wp\/v2\/posts\/102737","targetHints":{"allow":["GET"]}}],"collection":[{"href":"https:\/\/elinformanteperu.com\/index.php\/wp-json\/wp\/v2\/posts"}],"about":[{"href":"https:\/\/elinformanteperu.com\/index.php\/wp-json\/wp\/v2\/types\/post"}],"author":[{"embeddable":true,"href":"https:\/\/elinformanteperu.com\/index.php\/wp-json\/wp\/v2\/users\/1"}],"replies":[{"embeddable":true,"href":"https:\/\/elinformanteperu.com\/index.php\/wp-json\/wp\/v2\/comments?post=102737"}],"version-history":[{"count":1,"href":"https:\/\/elinformanteperu.com\/index.php\/wp-json\/wp\/v2\/posts\/102737\/revisions"}],"predecessor-version":[{"id":102739,"href":"https:\/\/elinformanteperu.com\/index.php\/wp-json\/wp\/v2\/posts\/102737\/revisions\/102739"}],"wp:featuredmedia":[{"embeddable":true,"href":"https:\/\/elinformanteperu.com\/index.php\/wp-json\/wp\/v2\/media\/102738"}],"wp:attachment":[{"href":"https:\/\/elinformanteperu.com\/index.php\/wp-json\/wp\/v2\/media?parent=102737"}],"wp:term":[{"taxonomy":"category","embeddable":true,"href":"https:\/\/elinformanteperu.com\/index.php\/wp-json\/wp\/v2\/categories?post=102737"},{"taxonomy":"post_tag","embeddable":true,"href":"https:\/\/elinformanteperu.com\/index.php\/wp-json\/wp\/v2\/tags?post=102737"}],"curies":[{"name":"wp","href":"https:\/\/api.w.org\/{rel}","templated":true}]}}