{"id":102734,"date":"2021-07-27T00:49:57","date_gmt":"2021-07-27T05:49:57","guid":{"rendered":"https:\/\/elinformanteperu.com\/?p=102734"},"modified":"2021-07-27T00:49:57","modified_gmt":"2021-07-27T05:49:57","slug":"cidh-otorga-medidas-cautelares-a-favor-de-fiscal-jose-domingo-perez-y-su-familia","status":"publish","type":"post","link":"https:\/\/elinformanteperu.com\/index.php\/2021\/07\/27\/cidh-otorga-medidas-cautelares-a-favor-de-fiscal-jose-domingo-perez-y-su-familia\/","title":{"rendered":"CIDH otorga medidas cautelares a favor de fiscal Jos\u00e9 Domingo P\u00e9rez y su familia"},"content":{"rendered":"<p><strong><span style=\"color: #000000;\">Ante amenazas y actos de violencia en contra suya y de su familia<\/span><\/strong><\/p>\n<p><span style=\"color: #000000;\"><strong>Lima, 26 Julio 2021, (ANDINA).-<\/strong> La Comisi\u00f3n Interamericana de Derechos Humanos (CIDH) emiti\u00f3 una resoluci\u00f3n, pidiendo el otorgamiento de medidas cautelares para resguardar la integridad del fiscal Jos\u00e9 Domingo P\u00e9rez y de su familia.<\/span><\/p>\n<p><span style=\"color: #000000;\">En la resoluci\u00f3n No. 55\/2021, se solicita al Estado peruano a adoptar medidas para garantizar el derecho a la vida e integridad personal del mencionado magistrado y para asegurar que este pueda seguir realizando sus labores sin recibir \u201camenazas, hostigamientos o actos de violencia\u201d.<\/span><\/p>\n<p><span style=\"color: #000000;\">Tambi\u00e9n se requiere que estas acciones sean coordinadas con P\u00e9rez y su familia y que se informe sobre las acciones que el Estado ya hab\u00eda estado adoptando respecto al fiscal, a fin de que se investiguen los hechos registrados en su contra.<\/span><\/p>\n<p><span style=\"color: #000000;\">Para sustentar esta posici\u00f3n, ello se argumenta que el mencionado representante del Ministerio P\u00fablico peruano y sus allegados \u201cse encuentran en una situaci\u00f3n de gravedad y urgencia de riesgo de da\u00f1o irreparable a sus derechos\u201d.<\/span><\/p>\n<p><span style=\"color: #000000;\">La CIDH ha tomado en cuenta que P\u00e9rez, integrante del equipo especial de la fiscal\u00eda abocado al caso Lava Jato, as\u00ed como de su esposa, Vanessa Medina y de su menor hijo, ha sido objeto de diversos \u201ceventos de riesgo\u201d relacionados a su labor.<\/span><\/p>\n<p><strong><span style=\"color: #000000;\">Casos mencionados<\/span><\/strong><\/p>\n<p><span style=\"color: #000000;\">Como ejemplo de las situaciones de riesgo que enfrentan P\u00e9rez y sus familiares, se consignan varios casos. Entre estos figuran las amenazas que recibi\u00f3 de parte de una congresista de Fuerza Popular en 2017, as\u00ed como haber sido objeto de seguimiento cuando, en febrero de 2018, viaj\u00f3 a Brasil a tomar declaraciones sobre el caso investigado.<\/span><\/p>\n<p><span style=\"color: #000000;\">En ese listado se menciona adem\u00e1s que en octubre de aquel a\u00f1o, P\u00e9rez encontr\u00f3 la perilla de la puerta principal de acceso a su casa descolocada de su base, debido a circunstancias nunca esclarecidas. En ese mes se inici\u00f3 tambi\u00e9n una campa\u00f1a en redes sociales en la que se le acusa de querer favorecer a miembros de Sendero Luminoso.<\/span><\/p>\n<p><span style=\"color: #000000;\">Otro de los numerosos casos mencionados es el de una manifestaci\u00f3n realizada en febrero del a\u00f1o pasado por una treintena de personas en el centro de trabajo de Medina, contra quien tambi\u00e9n se ha desarrollado una \u201cfuerte campa\u00f1a de estigmatizaci\u00f3n\u201d.<\/span><\/p>\n<p><span style=\"color: #000000;\">Tambi\u00e9n se menciona que la excandidata presidencial de Fuerza Popular, Keiko Fujimori, acus\u00f3 a P\u00e9rez en marzo de este a\u00f1o, de ser un \u201cactor pol\u00edtico en las elecciones\u201d y que, luego de esa afirmaci\u00f3n, se reanudaron los ataques en su contra v\u00eda redes sociales, en los que se le calificaba de miembro de Sendero Luminoso\u201d, \u201ctraidor a la patria\u201d y \u201ccomunista\u201d.<\/span><\/p>\n<p><span style=\"color: #000000;\">En la resoluci\u00f3n se indica que, si bien estos y otros hechos fueron objeto de atenci\u00f3n por parte del Estado, \u201clas medidas adoptadas no habr\u00edan mitigado o desaparecido la situaci\u00f3n de riesgo que viene enfrentando\u201d el fiscal.<\/span><\/p>\n","protected":false},"excerpt":{"rendered":"<p>Ante amenazas y actos de violencia en contra suya y de su familia Lima, 26 Julio 2021, (ANDINA).- La Comisi\u00f3n Interamericana de Derechos Humanos (CIDH) emiti\u00f3 una resoluci\u00f3n, pidiendo el otorgamiento de medidas cautelares para resguardar la integridad del fiscal Jos\u00e9 Domingo P\u00e9rez y de su familia. En la resoluci\u00f3n No. 55\/2021, se solicita al [&hellip;]<\/p>\n","protected":false},"author":1,"featured_media":102735,"comment_status":"closed","ping_status":"closed","sticky":false,"template":"","format":"standard","meta":{"rop_custom_images_group":[],"rop_custom_messages_group":[],"rop_publish_now":"initial","rop_publish_now_accounts":[],"rop_publish_now_history":[],"rop_publish_now_status":"pending","footnotes":""},"categories":[5],"tags":[3642,2568],"class_list":["post-102734","post","type-post","status-publish","format-standard","has-post-thumbnail","hentry","category-actualidad-informativa","tag-cidh","tag-jose-domingo-perez"],"_links":{"self":[{"href":"https:\/\/elinformanteperu.com\/index.php\/wp-json\/wp\/v2\/posts\/102734","targetHints":{"allow":["GET"]}}],"collection":[{"href":"https:\/\/elinformanteperu.com\/index.php\/wp-json\/wp\/v2\/posts"}],"about":[{"href":"https:\/\/elinformanteperu.com\/index.php\/wp-json\/wp\/v2\/types\/post"}],"author":[{"embeddable":true,"href":"https:\/\/elinformanteperu.com\/index.php\/wp-json\/wp\/v2\/users\/1"}],"replies":[{"embeddable":true,"href":"https:\/\/elinformanteperu.com\/index.php\/wp-json\/wp\/v2\/comments?post=102734"}],"version-history":[{"count":1,"href":"https:\/\/elinformanteperu.com\/index.php\/wp-json\/wp\/v2\/posts\/102734\/revisions"}],"predecessor-version":[{"id":102736,"href":"https:\/\/elinformanteperu.com\/index.php\/wp-json\/wp\/v2\/posts\/102734\/revisions\/102736"}],"wp:featuredmedia":[{"embeddable":true,"href":"https:\/\/elinformanteperu.com\/index.php\/wp-json\/wp\/v2\/media\/102735"}],"wp:attachment":[{"href":"https:\/\/elinformanteperu.com\/index.php\/wp-json\/wp\/v2\/media?parent=102734"}],"wp:term":[{"taxonomy":"category","embeddable":true,"href":"https:\/\/elinformanteperu.com\/index.php\/wp-json\/wp\/v2\/categories?post=102734"},{"taxonomy":"post_tag","embeddable":true,"href":"https:\/\/elinformanteperu.com\/index.php\/wp-json\/wp\/v2\/tags?post=102734"}],"curies":[{"name":"wp","href":"https:\/\/api.w.org\/{rel}","templated":true}]}}