{"id":102730,"date":"2021-07-27T00:46:43","date_gmt":"2021-07-27T05:46:43","guid":{"rendered":"https:\/\/elinformanteperu.com\/?p=102730"},"modified":"2021-07-27T00:46:43","modified_gmt":"2021-07-27T05:46:43","slug":"llega-vicepresidente-brasileno-para-asuncion-de-mando-de-pedro-castillo","status":"publish","type":"post","link":"https:\/\/elinformanteperu.com\/index.php\/2021\/07\/27\/llega-vicepresidente-brasileno-para-asuncion-de-mando-de-pedro-castillo\/","title":{"rendered":"Llega vicepresidente brasile\u00f1o para asunci\u00f3n de mando de Pedro Castillo"},"content":{"rendered":"<p><span style=\"color: #000000;\"><strong>Lima, 26 Julio 2021, (ANDINA).-<\/strong> A fin de participar en la ceremonia de asunci\u00f3n a la Presidencia del mandatario electo, Pedro Castillo, arrib\u00f3 hoy el vicepresidente de Brasil, Hamilton Mourao.<\/span><\/p>\n<p><span style=\"color: #000000;\">Acompa\u00f1ado por su comitiva oficial, el representante del gobierno brasile\u00f1o fue recibido en el Grupo A\u00e9reo N\u00b0 8 hasta donde lleg\u00f3 a bordo de un avi\u00f3n oficial.<\/span><\/p>\n<p><span style=\"color: #000000;\">En el mencionado recinto, la ministra de Desarrollo e Inclusi\u00f3n Social, Silvana Vargas, le dio la bienvenida a suelo peruano.<\/span><\/p>\n<p><span style=\"color: #000000;\">Mourao y la delegaci\u00f3n que lo acompa\u00f1a participar\u00e1n en la ceremonia de toma de mando del presidente electo Pedro Castillo y en los actos conmemorativos del bicentenario de la independencia del Per\u00fa, en representaci\u00f3n del presidente brasile\u00f1o, Jair Bolsonaro.<\/span><\/p>\n<p><a href=\"https:\/\/elinformanteperu.com\/wp-content\/uploads\/2021\/07\/vicepresidente-brasil-hamilton-mourao1.jpg\"><img fetchpriority=\"high\" decoding=\"async\" class=\"alignnone size-full wp-image-102732\" src=\"https:\/\/elinformanteperu.com\/wp-content\/uploads\/2021\/07\/vicepresidente-brasil-hamilton-mourao1.jpg\" alt=\"\" width=\"1800\" height=\"1200\" srcset=\"https:\/\/elinformanteperu.com\/wp-content\/uploads\/2021\/07\/vicepresidente-brasil-hamilton-mourao1.jpg 1800w, https:\/\/elinformanteperu.com\/wp-content\/uploads\/2021\/07\/vicepresidente-brasil-hamilton-mourao1-300x200.jpg 300w, https:\/\/elinformanteperu.com\/wp-content\/uploads\/2021\/07\/vicepresidente-brasil-hamilton-mourao1-1024x683.jpg 1024w, https:\/\/elinformanteperu.com\/wp-content\/uploads\/2021\/07\/vicepresidente-brasil-hamilton-mourao1-768x512.jpg 768w, https:\/\/elinformanteperu.com\/wp-content\/uploads\/2021\/07\/vicepresidente-brasil-hamilton-mourao1-1536x1024.jpg 1536w\" sizes=\"(max-width: 1800px) 100vw, 1800px\" \/><\/a><\/p>\n","protected":false},"excerpt":{"rendered":"<p>Lima, 26 Julio 2021, (ANDINA).- A fin de participar en la ceremonia de asunci\u00f3n a la Presidencia del mandatario electo, Pedro Castillo, arrib\u00f3 hoy el vicepresidente de Brasil, Hamilton Mourao. Acompa\u00f1ado por su comitiva oficial, el representante del gobierno brasile\u00f1o fue recibido en el Grupo A\u00e9reo N\u00b0 8 hasta donde lleg\u00f3 a bordo de un [&hellip;]<\/p>\n","protected":false},"author":1,"featured_media":102731,"comment_status":"closed","ping_status":"closed","sticky":false,"template":"","format":"standard","meta":{"rop_custom_images_group":[],"rop_custom_messages_group":[],"rop_publish_now":"initial","rop_publish_now_accounts":[],"rop_publish_now_history":[],"rop_publish_now_status":"pending","footnotes":""},"categories":[5],"tags":[6707],"class_list":["post-102730","post","type-post","status-publish","format-standard","has-post-thumbnail","hentry","category-actualidad-informativa","tag-juramentacion-pedro-castillo"],"_links":{"self":[{"href":"https:\/\/elinformanteperu.com\/index.php\/wp-json\/wp\/v2\/posts\/102730","targetHints":{"allow":["GET"]}}],"collection":[{"href":"https:\/\/elinformanteperu.com\/index.php\/wp-json\/wp\/v2\/posts"}],"about":[{"href":"https:\/\/elinformanteperu.com\/index.php\/wp-json\/wp\/v2\/types\/post"}],"author":[{"embeddable":true,"href":"https:\/\/elinformanteperu.com\/index.php\/wp-json\/wp\/v2\/users\/1"}],"replies":[{"embeddable":true,"href":"https:\/\/elinformanteperu.com\/index.php\/wp-json\/wp\/v2\/comments?post=102730"}],"version-history":[{"count":1,"href":"https:\/\/elinformanteperu.com\/index.php\/wp-json\/wp\/v2\/posts\/102730\/revisions"}],"predecessor-version":[{"id":102733,"href":"https:\/\/elinformanteperu.com\/index.php\/wp-json\/wp\/v2\/posts\/102730\/revisions\/102733"}],"wp:featuredmedia":[{"embeddable":true,"href":"https:\/\/elinformanteperu.com\/index.php\/wp-json\/wp\/v2\/media\/102731"}],"wp:attachment":[{"href":"https:\/\/elinformanteperu.com\/index.php\/wp-json\/wp\/v2\/media?parent=102730"}],"wp:term":[{"taxonomy":"category","embeddable":true,"href":"https:\/\/elinformanteperu.com\/index.php\/wp-json\/wp\/v2\/categories?post=102730"},{"taxonomy":"post_tag","embeddable":true,"href":"https:\/\/elinformanteperu.com\/index.php\/wp-json\/wp\/v2\/tags?post=102730"}],"curies":[{"name":"wp","href":"https:\/\/api.w.org\/{rel}","templated":true}]}}