{"id":10271,"date":"2017-05-19T00:59:41","date_gmt":"2017-05-19T05:59:41","guid":{"rendered":"http:\/\/elinformanteperu.com\/?p=10271"},"modified":"2017-05-19T00:59:41","modified_gmt":"2017-05-19T05:59:41","slug":"estos-son-los-ex-gobernadores-regionales-sentenciados-y-procesados-por-la-justicia","status":"publish","type":"post","link":"https:\/\/elinformanteperu.com\/index.php\/2017\/05\/19\/estos-son-los-ex-gobernadores-regionales-sentenciados-y-procesados-por-la-justicia\/","title":{"rendered":"Estos son los ex gobernadores regionales sentenciados y procesados por la justicia"},"content":{"rendered":"<p><strong><span style=\"color: #000000;\">En total son 11 la lista de anteriores y actuales autoridades regionales que purgan condena o siguen procesados, con detenci\u00f3n preventiva o con comparecencia restringida.<\/span><\/strong><\/p>\n<p><span style=\"color: #000000;\"><strong>Lima, 18 Mayo 2017, (ANDINA).-<\/strong> Con la absoluci\u00f3n del gobernador regional de Ayacucho, Wilfredo Oscorima, y la anulaci\u00f3n de la sentencia a su ex colega de Loreto, Yv\u00e1n V\u00e1squez, por parte del Poder Judicial, se consolid\u00f3 en 11 la lista de anteriores y actuales autoridades regionales que purgan condena o siguen procesados, con detenci\u00f3n preventiva o con comparecencia restringida.<\/span><\/p>\n<p><strong><span style=\"color: #000000;\">\u00c1ncash<\/span><\/strong><\/p>\n<p><span style=\"color: #000000;\">Es el \u00fanico departamento que cuenta con un exgobernador regional y dos gobernadores electos en los \u00faltimos comicios que est\u00e1n actualmente en prisi\u00f3n.<\/span><\/p>\n<p><span style=\"color: #000000;\">En el caso de la exautoridad regional, C\u00e9sar \u00c1lvarez (gesti\u00f3n 2011-2014), se encuentra con prisi\u00f3n preventiva en el penal Anc\u00f3n I desde junio de 2014, en el marco del proceso judicial que se le sigue por la comisi\u00f3n de los presuntos delitos de peculado y asociaci\u00f3n il\u00edcita para delinquir.<\/span><\/p>\n<p><span style=\"color: #000000;\">Seg\u00fan la Contralor\u00eda General de la Rep\u00fablica, la Fiscal\u00eda Provincial Corporativa Especializada en Delitos de Corrupci\u00f3n de Funcionarios de \u00c1ncash y del Santa, investiga al ex gobernador por presunta negociaci\u00f3n incompatible y tambi\u00e9n afronta una causa civil en el Segundo Juzgado Mixto de Huaraz.<\/span><\/p>\n<p><span style=\"color: #000000;\">La Contralor\u00eda puso en marcha 13 acciones de control con una auditor\u00eda a montos por 62 millones de soles.<\/span><\/p>\n<p><span style=\"color: #000000;\">Por su parte, el gobernador regional electo para el per\u00edodo 2015-2018, Waldo R\u00edos Salcedo, se encuentra en prisi\u00f3n desde setiembre de 2016 luego de ser sentenciado a 5 a\u00f1os de prisi\u00f3n efectiva por el delito de colusi\u00f3n desleal durante su gesti\u00f3n como alcalde provincial de Huaraz.<\/span><\/p>\n<p><span style=\"color: #000000;\">Tambi\u00e9n se encuentra purgando prisi\u00f3n el sucesor de Waldo R\u00edos como gobernador regional de \u00c1ncash, Enrique Vargas Barrenechea, aunque no por delitos de corrupci\u00f3n sino por mentir en su hoja de vida. \u00c9l se encuentra encarcelado desde abril de este a\u00f1o tras ser sentenciado a 5 a\u00f1os de prisi\u00f3n efectiva e inhabilitaci\u00f3n para ejercer cargos p\u00fablicos por 3 a\u00f1os, por los delitos contra la administraci\u00f3n p\u00fablica en la modalidad de falsificaci\u00f3n de documentos.<\/span><\/p>\n<p><strong><span style=\"color: #000000;\">Arequipa<\/span><\/strong><\/p>\n<p><span style=\"color: #000000;\">El ex gobernador Juan Manuel Guill\u00e9n fue denunciado en febrero de este a\u00f1o por la Fiscal\u00eda Anticorrupci\u00f3n por la presunta comisi\u00f3n del delito de colusi\u00f3n agravada y pidi\u00f3 al Poder Judicial que sea sancionado a 5 a\u00f1os y ocho meses de prisi\u00f3n.<\/span><\/p>\n<p><span style=\"color: #000000;\">La Contralor\u00eda General de la Rep\u00fablica ejecut\u00f3 14 acciones de control a la administraci\u00f3n de Juan Manuel Guill\u00e9n (2011-2014) que involucran montos auditados por 305 millones 200,000 soles.<\/span><\/p>\n<p><strong><span style=\"color: #000000;\">Apur\u00edmac<\/span><\/strong><\/p>\n<p><span style=\"color: #000000;\">El ex gobernador El\u00edas Segovia fue denunciado por la Fiscal\u00eda Provincial Corporativa Especializada en Delitos de Corrupci\u00f3n de Funcionarios de Apur\u00edmac, por la presunta comisi\u00f3n de delitos contra la administraci\u00f3n p\u00fablica, en la modalidad de malversaci\u00f3n de fondos, as\u00ed como colusi\u00f3n agravada.<\/span><\/p>\n<p><span style=\"color: #000000;\">El 16 de mayo \u00faltimo se posterg\u00f3 por tercera vez la audiencia en la que el magistrado del Tercer Juzgado de Investigaci\u00f3n Preparatoria, Richard Cortez, deb\u00eda resolver si dictaba prisi\u00f3n preventiva en contra de Segovia y otros cinco funcionarios de su administraci\u00f3n.<\/span><\/p>\n<p><span style=\"color: #000000;\">La Contralor\u00eda despleg\u00f3 15 acciones de control a la gesti\u00f3n de Segovia, que implica un monto auditado por procesos y obras por 84 millones 600,000 soles.<\/span><\/p>\n<p><strong><span style=\"color: #000000;\">Cajamarca<\/span><\/strong><\/p>\n<p><span style=\"color: #000000;\">El ex gobernador Gregorio Santos afronta con comparecencia restringida procesos penales por la presunta comisi\u00f3n de delitos de colusi\u00f3n y contra la administraci\u00f3n p\u00fablica en la Fiscal\u00eda Provincial Corporativa Especializada en Delitos de Corrupci\u00f3n de Funcionarios.<\/span><\/p>\n<p><span style=\"color: #000000;\">Tras 25 meses de prisi\u00f3n preventiva, el Poder Judicial resolvi\u00f3 su ex carcelaci\u00f3n en junio de 2016 y determin\u00f3 que siga el proceso con impedimento de salida del pa\u00eds y variaci\u00f3n de su domicilio, entre otras reglas de conducta.<\/span><\/p>\n<p><span style=\"color: #000000;\">En su caso, la Contralor\u00eda realiz\u00f3 7 acciones de control a obras de construcci\u00f3n y procesos de adquisici\u00f3n de diversos bienes involucran auditor\u00edas por un monto superior a 100 millones de soles.<\/span><\/p>\n<p><strong><span style=\"color: #000000;\">Callao<\/span><\/strong><\/p>\n<p><span style=\"color: #000000;\">El gobernador F\u00e9lix Moreno Caballero, reelecto para el per\u00edodo 2015-2018, afronta con prisi\u00f3n preventiva desde abril de este a\u00f1o, el proceso judicial en su contra por la presunta comisi\u00f3n de los delitos de tr\u00e1fico de influencias y lavado de activos.<\/span><\/p>\n<p><span style=\"color: #000000;\">Su antecesor, Alexander Kouri Bumachar, tambi\u00e9n se encuentra en la c\u00e1rcel desde junio de 2016 tras ser sentenciado a 5 a\u00f1os de prisi\u00f3n al hall\u00e1rsele culpable del delito de colusi\u00f3n agravada por el caso Convial y la construcci\u00f3n de la V\u00eda Expresa del Callao, asociada a la implementaci\u00f3n de un cobro de peaje.<\/span><\/p>\n<p><strong><span style=\"color: #000000;\">Cusco<\/span><\/strong><\/p>\n<p><span style=\"color: #000000;\">El ex gobernador regional Jorge Acurio, detenido en la v\u00edspera, enfrenta un proceso penal por presunto delito contra la administraci\u00f3n p\u00fablica tras la denuncia formulada por la Fiscal\u00eda Provincial Corporativa Especializada en Delitos de Corrupci\u00f3n de Funcionarios de Cusco, por presuntamente haber recibido coimas de las empresas Odebrecht y OAS a cambio de beneficiarlas en la adjudicaci\u00f3n de obras p\u00fablicas en la regi\u00f3n Cusco.<\/span><\/p>\n<p><span style=\"color: #000000;\">Antes, en el 2013, Acurio Tito hab\u00eda sido sentenciado por el Poder Judicial a cuatro a\u00f1os de prisi\u00f3n suspendida por el delito de colusi\u00f3n desleal, y fue inhabilitado para ejercer cualquier cargo p\u00fablico durante tres a\u00f1os.<\/span><\/p>\n<p><span style=\"color: #000000;\">El monto auditado de procesos y obras a su gesti\u00f3n por la Contralor\u00eda involucra un total de 470 millones 400,000 soles, en 15 acciones de control.<\/span><\/p>\n<p><strong><span style=\"color: #000000;\">Madre de Dios<\/span><\/strong><\/p>\n<p><span style=\"color: #000000;\">En enero de 2016 fue detenido en su vivienda por la Polic\u00eda, el exgobernador regional de Madre de Dios, Jos\u00e9 Luis Aguirre, tras permanecer en la clandestinidad durante dos a\u00f1os. El hab\u00eda sido vacado del cargo en diciembre del 2013, despu\u00e9s de ser sentenciado por peculado doloso, colusi\u00f3n y asociaci\u00f3n il\u00edcita para delinquir. Actualmente purga condena en el penal de Puerto Maldonado.<\/span><\/p>\n<p><span style=\"color: #000000;\">La Contralor\u00eda realiz\u00f3 en este caso 3 acciones de control en marcha y una auditor\u00eda por procesos y obras que implican 14 millones 500,000 soles.<\/span><\/p>\n<p><strong><span style=\"color: #000000;\">Pasco<\/span><\/strong><\/p>\n<p><span style=\"color: #000000;\">La Fiscal\u00eda Provincial Corporativa Especializada en Delitos de Corrupci\u00f3n de Funcionarios de Pasco denunci\u00f3 al ex gobernador Klever Mel\u00e9ndez, por los presuntos delitos de colusi\u00f3n, cohecho pasivo propio y asociaci\u00f3n il\u00edcita para delinquir.<\/span><\/p>\n<p><span style=\"color: #000000;\">La ex autoridad regional fue excarcelada en octubre de 2016 tras encontrarse con prisi\u00f3n preventiva desde junio de 2014. El fiscal Hamilton Castro lo acus\u00f3 de liderar una presunta red criminal en Pasco, dedicada al cobro de coimas a cambio de favorecer a empresas con millonarias obras p\u00fablicas. Ahora afronta el proceso con comparecencia restringida.<\/span><\/p>\n<p><span style=\"color: #000000;\">En este caso, la Contralor\u00eda audit\u00f3 procesos y obras por un total de 52 millones 300,000 soles, en 5 acciones de control.<\/span><\/p>\n<p><strong><span style=\"color: #000000;\">Tacna<\/span><\/strong><\/p>\n<p><span style=\"color: #000000;\">En la Fiscal\u00eda Provincial Corporativa Especializada en Delitos de Corrupci\u00f3n de Funcionarios de Tacna solicit\u00f3, en febrero de este a\u00f1o, la pena de c\u00e1rcel efectiva de 4 a\u00f1os y 8 meses, as\u00ed como una inhabilitaci\u00f3n de 3 a\u00f1os para ejercer cargos p\u00fablicos para el ex gobernador Tito Chocano.<\/span><\/p>\n<p><span style=\"color: #000000;\">Se le acusa de la presunta comisi\u00f3n de los delitos de negociaci\u00f3n incompatible, malversaci\u00f3n de fondos, omisi\u00f3n de actos funcionales, falsedad ideol\u00f3gica, y omisi\u00f3n de consignar declaraciones en documentos. La ex autoridad afronta el proceso judicial en libertad.<\/span><\/p>\n<p><span style=\"color: #000000;\">En su caso, la Contralor\u00eda inici\u00f3 12 acciones de control a procesos de selecci\u00f3n y licitaci\u00f3n para obras p\u00fablicas y contrataci\u00f3n de bienes y servicios, que involucran montos por un total de 28 millones 500,000 soles.<\/span><\/p>\n<p><strong><span style=\"color: #000000;\">Tumbes<\/span><\/strong><\/p>\n<p><span style=\"color: #000000;\">El exgobernador regional Gerardo Vi\u00f1as Dioses fue sentenciado a 11 a\u00f1os de prisi\u00f3n efectiva en noviembre de 2016 por los delitos de colusi\u00f3n agravada, cohecho pasivo propio y asociaci\u00f3n il\u00edcita para delinquir. En junio de ese a\u00f1o hab\u00eda sido capturado por la Polic\u00eda en Ecuador tras fugar del pa\u00eds y encontrarse en la lista de los m\u00e1s buscados. Por informaci\u00f3n sobre su ubicaci\u00f3n se ofrec\u00eda una recompensa de 100,000 soles.<\/span><\/p>\n<p><span style=\"color: #000000;\">Seg\u00fan la Contralor\u00eda General de la Rep\u00fablica, Vi\u00f1as Dioses afronta en total 9 investigaciones fiscales penales abiertas por malversaci\u00f3n de fondos, colusi\u00f3n, delito contra la administraci\u00f3n p\u00fablica y negociaci\u00f3n incompatible. Asimismo, debe responder en dos procesos civiles abiertos en Tumbes y Lima.<\/span><\/p>\n<p><span style=\"color: #000000;\">La Contralor\u00eda General de la Rep\u00fablica realiz\u00f3 10 acciones de control en obras civiles adjudicadas durante la gesti\u00f3n de Gerardo Vi\u00f1as Dioses (2011-2014) por un monto de 33 millones de soles.<\/span><\/p>\n<p><strong><span style=\"color: #000000;\">Ucayali<\/span><\/strong><\/p>\n<p><span style=\"color: #000000;\">El gobernador Jorge Vel\u00e1squez Portocarrero fue sentenciado en enero de este a\u00f1o por el Primer Juzgado Unipersonal de Coronel Portillo, a la pena de 5 a\u00f1os y 4 meses de prisi\u00f3n efectiva e inhabilitado para ejercer cualquier cargo p\u00fablico por el mismo periodo. Fue encontrado culpable por el delito de negociaci\u00f3n incompatible, por el alquiler ilegal de un local vinculado a su ex asesor.<\/span><\/p>\n<p><span style=\"color: #000000;\">El ministro del Interior, Carlos Basombr\u00edo, inform\u00f3 hoy que representantes del Ministerio P\u00fablico y agentes de la Polic\u00eda Nacional intervinieron esta madrugada en la ciudad de Pucallpa varias viviendas y otras propiedades, entre las que se encuentran cuatro avionetas, del sentenciado ex gobernador, quien afrontar\u00eda un nuevo proceso judicial por presuntos actos de corrupci\u00f3n y participaci\u00f3n en actividades il\u00edcitas.<\/span><\/p>\n","protected":false},"excerpt":{"rendered":"<p>En total son 11 la lista de anteriores y actuales autoridades regionales que purgan condena o siguen procesados, con detenci\u00f3n preventiva o con comparecencia restringida. Lima, 18 Mayo 2017, (ANDINA).- Con la absoluci\u00f3n del gobernador regional de Ayacucho, Wilfredo Oscorima, y la anulaci\u00f3n de la sentencia a su ex colega de Loreto, Yv\u00e1n V\u00e1squez, por [&hellip;]<\/p>\n","protected":false},"author":1,"featured_media":10272,"comment_status":"open","ping_status":"open","sticky":false,"template":"","format":"standard","meta":{"rop_custom_images_group":[],"rop_custom_messages_group":[],"rop_publish_now":"initial","rop_publish_now_accounts":[],"rop_publish_now_history":[],"rop_publish_now_status":"pending","footnotes":""},"categories":[10],"tags":[212,280,619],"class_list":["post-10271","post","type-post","status-publish","format-standard","has-post-thumbnail","hentry","category-actualidad-municipal","tag-carlos-basombrio","tag-ministerio-del-interior","tag-odebrecht"],"_links":{"self":[{"href":"https:\/\/elinformanteperu.com\/index.php\/wp-json\/wp\/v2\/posts\/10271","targetHints":{"allow":["GET"]}}],"collection":[{"href":"https:\/\/elinformanteperu.com\/index.php\/wp-json\/wp\/v2\/posts"}],"about":[{"href":"https:\/\/elinformanteperu.com\/index.php\/wp-json\/wp\/v2\/types\/post"}],"author":[{"embeddable":true,"href":"https:\/\/elinformanteperu.com\/index.php\/wp-json\/wp\/v2\/users\/1"}],"replies":[{"embeddable":true,"href":"https:\/\/elinformanteperu.com\/index.php\/wp-json\/wp\/v2\/comments?post=10271"}],"version-history":[{"count":1,"href":"https:\/\/elinformanteperu.com\/index.php\/wp-json\/wp\/v2\/posts\/10271\/revisions"}],"predecessor-version":[{"id":10273,"href":"https:\/\/elinformanteperu.com\/index.php\/wp-json\/wp\/v2\/posts\/10271\/revisions\/10273"}],"wp:featuredmedia":[{"embeddable":true,"href":"https:\/\/elinformanteperu.com\/index.php\/wp-json\/wp\/v2\/media\/10272"}],"wp:attachment":[{"href":"https:\/\/elinformanteperu.com\/index.php\/wp-json\/wp\/v2\/media?parent=10271"}],"wp:term":[{"taxonomy":"category","embeddable":true,"href":"https:\/\/elinformanteperu.com\/index.php\/wp-json\/wp\/v2\/categories?post=10271"},{"taxonomy":"post_tag","embeddable":true,"href":"https:\/\/elinformanteperu.com\/index.php\/wp-json\/wp\/v2\/tags?post=10271"}],"curies":[{"name":"wp","href":"https:\/\/api.w.org\/{rel}","templated":true}]}}