{"id":102708,"date":"2021-07-27T00:24:08","date_gmt":"2021-07-27T05:24:08","guid":{"rendered":"https:\/\/elinformanteperu.com\/?p=102708"},"modified":"2021-07-27T00:24:08","modified_gmt":"2021-07-27T05:24:08","slug":"presidenta-del-congreso-pide-unidad-y-expresa-disposicion-de-trabajar-con-el-ejecutivo","status":"publish","type":"post","link":"https:\/\/elinformanteperu.com\/index.php\/2021\/07\/27\/presidenta-del-congreso-pide-unidad-y-expresa-disposicion-de-trabajar-con-el-ejecutivo\/","title":{"rendered":"Presidenta del Congreso pide unidad y expresa disposici\u00f3n de trabajar con el Ejecutivo"},"content":{"rendered":"<p><span style=\"color: #000000;\"><strong>Lima, 26 Julio 2021, (ANDINA).-<\/strong> La presidenta del Congreso, Mar\u00eda del Carmen Alva Prieto, hizo un llamado a la unidad y expres\u00f3 su disposici\u00f3n de trabajar junto al gobierno, en el marco de un di\u00e1logo respetuoso que ponga fin al conflicto de poderes.<\/span><\/p>\n<p><span style=\"color: #000000;\">Durante su discurso inaugural, anunci\u00f3 que impulsar\u00e1 una din\u00e1mica de trabajo distinta, con un trabajo de comisiones en las regiones, y garantizando desde el Congreso un equilibrio de poderes.<\/span><\/p>\n<p><span style=\"color: #000000;\">\u201cExpreso nuestra disposici\u00f3n para trabajar junto al gobierno, en el marco del di\u00e1logo respetuoso para que juntos enfrentemos los retos presentes y futuros del pa\u00eds. Terminemos con el conflicto de poderes (&#8230;) Respetemos las competencias del Ejecutivo del mismo modo que el gobierno debe respetar nuestras competencias, defenderemos el fuero parlamentario\u00bb, afirm\u00f3.<\/span><\/p>\n<p><span style=\"color: #000000;\">En ese sentido, Alva se\u00f1al\u00f3 que cooperar\u00e1 para garantizar una democracia efectiva, que permita pol\u00edticas p\u00fablicas que mejoren la calidad de vida de los peruanos y que velar\u00e1 desde el Congreso para que el Estado brinde mejores servicios.<\/span><\/p>\n<p><span style=\"color: #000000;\">Ante los legisladores reunidos en el pleno, Alva Prieto refiri\u00f3 que, a pocos d\u00edas de conmemorarse el bicentenario de la Rep\u00fablica y en nombre del legado de los libertadores que so\u00f1aron con una naci\u00f3n libre y prospera, llamaba a la unidad y a deponer intereses particulares.<\/span><\/p>\n<p><span style=\"color: #000000;\">Asegur\u00f3 que el pa\u00eds reclama que el Congreso este a la altura de estos tiempos y que todos deben contribuir con ese prop\u00f3sito.<\/span><\/p>\n<p><span style=\"color: #000000;\">Indic\u00f3 que la Mesa Directiva, electa por el pleno del Congreso, representa el esp\u00edritu de todas las bancadas que tienen al Per\u00fa como objetivo com\u00fan, y record\u00f3 que la fragmentaci\u00f3n del Parlamento obliga a respetar a todas las minor\u00edas.<\/span><\/p>\n<p><span style=\"color: #000000;\">\u201cRepresentamos la fe que el pueblo deposit\u00f3 en nosotros, su fe en la construcci\u00f3n de un futuro con progreso, vamos a convertir esta esperanza en una realidad\u201d, asever\u00f3.<\/span><\/p>\n<p><span style=\"color: #000000;\">Alva Prieto agradeci\u00f3 a las bancadas que depusieron sus aspiraciones para tener una lista de consenso y a los legisladores que no votaron por su candidatura, pero dijo que corresponde a todos los legisladores devolverle la majestad y el prestigio al Parlamento.<\/span><\/p>\n<p><span style=\"color: #000000;\">En ese marco, destac\u00f3 como un hecho simb\u00f3lico que una mujer presida el Congreso en el bicentenario y que su Mesa Directiva este compuesta por tres mujeres.<\/span><\/p>\n<p><span style=\"color: #000000;\">Pidi\u00f3 tambi\u00e9n a los legisladores entender que, si bien tuvieron una agenda de propuestas en campa\u00f1a, el pa\u00eds tiene en este momento tareas urgentes relacionadas con la salud, econom\u00eda y educaci\u00f3n, en un contexto de pandemia.<\/span><\/p>\n<p><span style=\"color: #000000;\">\u201cEsta mesa asume la responsabilidad en estricto cumplimiento de la Constituci\u00f3n y reglamento que es fuerza de ley. No debe quedar duda que el despacho de la Presidencia estar\u00e1 abierto a todos, cada uno fue elegido por el pueblo y representa a la naci\u00f3n\u201d, afirm\u00f3.<\/span><\/p>\n<p><span style=\"color: #000000;\">Finalmente, dijo que su actuar en el Congreso estar\u00e1 definido por el respeto a la Constituci\u00f3n y la ley, por la unidad, la integridad y responsabilidad. \u201cTrabar y dejar trabajar\u201d, dijo.<\/span><\/p>\n","protected":false},"excerpt":{"rendered":"<p>Lima, 26 Julio 2021, (ANDINA).- La presidenta del Congreso, Mar\u00eda del Carmen Alva Prieto, hizo un llamado a la unidad y expres\u00f3 su disposici\u00f3n de trabajar junto al gobierno, en el marco de un di\u00e1logo respetuoso que ponga fin al conflicto de poderes. Durante su discurso inaugural, anunci\u00f3 que impulsar\u00e1 una din\u00e1mica de trabajo distinta, [&hellip;]<\/p>\n","protected":false},"author":1,"featured_media":102709,"comment_status":"closed","ping_status":"closed","sticky":false,"template":"","format":"standard","meta":{"rop_custom_images_group":[],"rop_custom_messages_group":[],"rop_publish_now":"initial","rop_publish_now_accounts":[],"rop_publish_now_history":[],"rop_publish_now_status":"pending","footnotes":""},"categories":[5,5745],"tags":[326,192,6706],"class_list":["post-102708","post","type-post","status-publish","format-standard","has-post-thumbnail","hentry","category-actualidad-informativa","category-lo-ultimo","tag-accion-popular","tag-congreso","tag-maria-del-carmen-alva"],"_links":{"self":[{"href":"https:\/\/elinformanteperu.com\/index.php\/wp-json\/wp\/v2\/posts\/102708","targetHints":{"allow":["GET"]}}],"collection":[{"href":"https:\/\/elinformanteperu.com\/index.php\/wp-json\/wp\/v2\/posts"}],"about":[{"href":"https:\/\/elinformanteperu.com\/index.php\/wp-json\/wp\/v2\/types\/post"}],"author":[{"embeddable":true,"href":"https:\/\/elinformanteperu.com\/index.php\/wp-json\/wp\/v2\/users\/1"}],"replies":[{"embeddable":true,"href":"https:\/\/elinformanteperu.com\/index.php\/wp-json\/wp\/v2\/comments?post=102708"}],"version-history":[{"count":1,"href":"https:\/\/elinformanteperu.com\/index.php\/wp-json\/wp\/v2\/posts\/102708\/revisions"}],"predecessor-version":[{"id":102710,"href":"https:\/\/elinformanteperu.com\/index.php\/wp-json\/wp\/v2\/posts\/102708\/revisions\/102710"}],"wp:featuredmedia":[{"embeddable":true,"href":"https:\/\/elinformanteperu.com\/index.php\/wp-json\/wp\/v2\/media\/102709"}],"wp:attachment":[{"href":"https:\/\/elinformanteperu.com\/index.php\/wp-json\/wp\/v2\/media?parent=102708"}],"wp:term":[{"taxonomy":"category","embeddable":true,"href":"https:\/\/elinformanteperu.com\/index.php\/wp-json\/wp\/v2\/categories?post=102708"},{"taxonomy":"post_tag","embeddable":true,"href":"https:\/\/elinformanteperu.com\/index.php\/wp-json\/wp\/v2\/tags?post=102708"}],"curies":[{"name":"wp","href":"https:\/\/api.w.org\/{rel}","templated":true}]}}