{"id":102705,"date":"2021-07-27T00:20:28","date_gmt":"2021-07-27T05:20:28","guid":{"rendered":"https:\/\/elinformanteperu.com\/?p=102705"},"modified":"2021-07-27T00:20:28","modified_gmt":"2021-07-27T05:20:28","slug":"presidente-electo-pedro-castillo-mantiene-reuniones-para-transferencia-de-gestion","status":"publish","type":"post","link":"https:\/\/elinformanteperu.com\/index.php\/2021\/07\/27\/presidente-electo-pedro-castillo-mantiene-reuniones-para-transferencia-de-gestion\/","title":{"rendered":"Presidente electo Pedro Castillo mantiene reuniones para transferencia de gesti\u00f3n"},"content":{"rendered":"<p><span style=\"color: #000000;\"><strong>Lima, 26 Julio 2021, (ANDINA).-<\/strong> El presidente electo, Pedro Castillo, mantiene reuniones de trabajo, en el Centro de Convenciones de Lima, en San Borja, orientadas a agilizar el proceso de transferencia de gobierno.<\/span><\/p>\n<p><span style=\"color: #000000;\">Una de las personas convocadas por el jefe del Estado electo para ver este tema fue excongresista Roger N\u00e1jar, quien en breves declaraciones a la prensa, ratific\u00f3 que ser\u00e1 decisi\u00f3n del Presidente de la Rep\u00fablica, una vez juramentado, decidir quien lo acompa\u00f1a en el Poder Ejecutivo.<\/span><\/p>\n<p><span style=\"color: #000000;\">\u201cMe ha convocado el presidente para ver temas de transferencia\u00bb, dijo y acto seguido, ante una pregunta sobre la designaci\u00f3n del nuevo jefe del Gabinete Ministerial, respondi\u00f3: \u00abLo primero que se tiene que hacer es que juramente el presidente de la Rep\u00fablica y de ah\u00ed \u00e9l definir\u00e1 qui\u00e9n estar\u00e1 a cargo de la PCM y luego del gabinete\u00bb.<\/span><\/p>\n<p><span style=\"color: #000000;\">Tambi\u00e9n se encuentran en el Centro de Convenciones de Lima, la primera vicepresidenta Dina Boluarte, encargada del proceso de transferencia, as\u00ed como los integrantes de su equipo t\u00e9cnico, Hernando Cevallos y Pedro Francke; el secretario general de Per\u00fa Libre, Vladimir Cerr\u00f3n; entre otras personalidades.<\/span><\/p>\n<p><span style=\"color: #000000;\">N\u00e1jar aclar\u00f3 que Vladimir Cerr\u00f3n no forma parte del proceso de transferencia de gobierno.<\/span><\/p>\n<p><span style=\"color: #000000;\">\u201cVladimir Cerr\u00f3n es el secretario general del partido y no est\u00e1 impedido (de reunirse con Castillo). No es parte del equipo de transferencia, pero es el que coordina varias actividades pol\u00edticas\u201d, indic\u00f3.<\/span><\/p>\n","protected":false},"excerpt":{"rendered":"<p>Lima, 26 Julio 2021, (ANDINA).- El presidente electo, Pedro Castillo, mantiene reuniones de trabajo, en el Centro de Convenciones de Lima, en San Borja, orientadas a agilizar el proceso de transferencia de gobierno. Una de las personas convocadas por el jefe del Estado electo para ver este tema fue excongresista Roger N\u00e1jar, quien en breves [&hellip;]<\/p>\n","protected":false},"author":1,"featured_media":102706,"comment_status":"closed","ping_status":"closed","sticky":false,"template":"","format":"standard","meta":{"rop_custom_images_group":[],"rop_custom_messages_group":[],"rop_publish_now":"initial","rop_publish_now_accounts":[],"rop_publish_now_history":[],"rop_publish_now_status":"pending","footnotes":""},"categories":[5],"tags":[2092,5006],"class_list":["post-102705","post","type-post","status-publish","format-standard","has-post-thumbnail","hentry","category-actualidad-informativa","tag-pedro-castillo","tag-peru-libre"],"_links":{"self":[{"href":"https:\/\/elinformanteperu.com\/index.php\/wp-json\/wp\/v2\/posts\/102705","targetHints":{"allow":["GET"]}}],"collection":[{"href":"https:\/\/elinformanteperu.com\/index.php\/wp-json\/wp\/v2\/posts"}],"about":[{"href":"https:\/\/elinformanteperu.com\/index.php\/wp-json\/wp\/v2\/types\/post"}],"author":[{"embeddable":true,"href":"https:\/\/elinformanteperu.com\/index.php\/wp-json\/wp\/v2\/users\/1"}],"replies":[{"embeddable":true,"href":"https:\/\/elinformanteperu.com\/index.php\/wp-json\/wp\/v2\/comments?post=102705"}],"version-history":[{"count":1,"href":"https:\/\/elinformanteperu.com\/index.php\/wp-json\/wp\/v2\/posts\/102705\/revisions"}],"predecessor-version":[{"id":102707,"href":"https:\/\/elinformanteperu.com\/index.php\/wp-json\/wp\/v2\/posts\/102705\/revisions\/102707"}],"wp:featuredmedia":[{"embeddable":true,"href":"https:\/\/elinformanteperu.com\/index.php\/wp-json\/wp\/v2\/media\/102706"}],"wp:attachment":[{"href":"https:\/\/elinformanteperu.com\/index.php\/wp-json\/wp\/v2\/media?parent=102705"}],"wp:term":[{"taxonomy":"category","embeddable":true,"href":"https:\/\/elinformanteperu.com\/index.php\/wp-json\/wp\/v2\/categories?post=102705"},{"taxonomy":"post_tag","embeddable":true,"href":"https:\/\/elinformanteperu.com\/index.php\/wp-json\/wp\/v2\/tags?post=102705"}],"curies":[{"name":"wp","href":"https:\/\/api.w.org\/{rel}","templated":true}]}}