{"id":102343,"date":"2021-07-21T00:41:49","date_gmt":"2021-07-21T05:41:49","guid":{"rendered":"https:\/\/elinformanteperu.com\/?p=102343"},"modified":"2021-07-21T00:41:49","modified_gmt":"2021-07-21T05:41:49","slug":"fiscalia-dispone-iniciar-diligencias-preliminares-contra-mark-vito","status":"publish","type":"post","link":"https:\/\/elinformanteperu.com\/index.php\/2021\/07\/21\/fiscalia-dispone-iniciar-diligencias-preliminares-contra-mark-vito\/","title":{"rendered":"Fiscal\u00eda dispone iniciar diligencias preliminares contra Mark Vito"},"content":{"rendered":"<p><strong><span style=\"color: #000000;\">Por la presunta comisi\u00f3n del delito de lavado de activos<\/span><\/strong><\/p>\n<p><span style=\"color: #000000;\"><strong>Lima, 20 Julio 2021, (ANDINA).-<\/strong> El Equipo Especial de la Fiscal\u00eda Supraprovincial Corporativa Especial en Delitos de Corrupci\u00f3n de Funcionarios del Ministerio P\u00fablico (MP), dispuso iniciar diligencias preliminares contra Mark Vito Villanela y otras personas, por la presunta comisi\u00f3n del delito de lavado de activos<\/span><\/p>\n<p><span style=\"color: #000000;\">La disposici\u00f3n del Primer Despacho de esta fiscal\u00eda, a cargo del fiscal provincial titular Jos\u00e9 Domingo P\u00e9rez, incluye en las diligencias, que se desarrollar\u00e1n por los pr\u00f3ximos 36 meses, a V\u00edctor Shiguiyama Kobashigawa, Nikola Seremet, Jos\u00e9 Sam Yuen y Luc\u00eda Pacheco Quispe.<\/span><\/p>\n<p><span style=\"color: #000000;\">Del mismo modo, a Paul Rodr\u00edguez Cruzado, por la presunta comisi\u00f3n de los delitos de organizaci\u00f3n Criminal en agravio del Estado, seg\u00fan informa el Ministerio P\u00fablico en su cuenta oficial de Twitter.<\/span><\/p>\n<p><span style=\"color: #000000;\">\u00abLas diligencias comprenden recabar la pericia contable a la empresa MVV Bienes Ra\u00edces, cuyo representante Mark Vito Villanela deber\u00e1 presentar ingresos y egresos de la empresa en contraste con la informaci\u00f3n de las declaraciones juradas presentadas a la Sunat\u00bb, indic\u00f3 el Ministerio P\u00fablico.<\/span><\/p>\n<blockquote class=\"twitter-tweet\">\n<p dir=\"ltr\" lang=\"es\">El Equipo Especial de la Fiscal\u00eda Supraprovincial Corporativa Especial en Delitos de Corrupci\u00f3n de Funcionarios dispuso iniciar diligencias preliminares contra Mark Vito Villanela y otros, por la presunta comisi\u00f3n del delito de lavado de activos (1\/4) <a href=\"https:\/\/t.co\/kD6ZXndjZ7\">pic.twitter.com\/kD6ZXndjZ7<\/a><\/p>\n<p>\u2014 Ministerio P\u00fablico (@FiscaliaPeru) <a href=\"https:\/\/twitter.com\/FiscaliaPeru\/status\/1417605765263659014?ref_src=twsrc%5Etfw\">July 20, 2021<\/a><\/p><\/blockquote>\n<p><script async src=\"https:\/\/platform.twitter.com\/widgets.js\" charset=\"utf-8\"><\/script><\/p>\n","protected":false},"excerpt":{"rendered":"<p>Por la presunta comisi\u00f3n del delito de lavado de activos Lima, 20 Julio 2021, (ANDINA).- El Equipo Especial de la Fiscal\u00eda Supraprovincial Corporativa Especial en Delitos de Corrupci\u00f3n de Funcionarios del Ministerio P\u00fablico (MP), dispuso iniciar diligencias preliminares contra Mark Vito Villanela y otras personas, por la presunta comisi\u00f3n del delito de lavado de activos [&hellip;]<\/p>\n","protected":false},"author":1,"featured_media":102344,"comment_status":"closed","ping_status":"closed","sticky":false,"template":"","format":"standard","meta":{"rop_custom_images_group":[],"rop_custom_messages_group":[],"rop_publish_now":"initial","rop_publish_now_accounts":[],"rop_publish_now_history":[],"rop_publish_now_status":"pending","footnotes":""},"categories":[5,5745],"tags":[3770,370,425],"class_list":["post-102343","post","type-post","status-publish","format-standard","has-post-thumbnail","hentry","category-actualidad-informativa","category-lo-ultimo","tag-mark-vito-villanella","tag-ministerio-publico","tag-sunat"],"_links":{"self":[{"href":"https:\/\/elinformanteperu.com\/index.php\/wp-json\/wp\/v2\/posts\/102343","targetHints":{"allow":["GET"]}}],"collection":[{"href":"https:\/\/elinformanteperu.com\/index.php\/wp-json\/wp\/v2\/posts"}],"about":[{"href":"https:\/\/elinformanteperu.com\/index.php\/wp-json\/wp\/v2\/types\/post"}],"author":[{"embeddable":true,"href":"https:\/\/elinformanteperu.com\/index.php\/wp-json\/wp\/v2\/users\/1"}],"replies":[{"embeddable":true,"href":"https:\/\/elinformanteperu.com\/index.php\/wp-json\/wp\/v2\/comments?post=102343"}],"version-history":[{"count":1,"href":"https:\/\/elinformanteperu.com\/index.php\/wp-json\/wp\/v2\/posts\/102343\/revisions"}],"predecessor-version":[{"id":102345,"href":"https:\/\/elinformanteperu.com\/index.php\/wp-json\/wp\/v2\/posts\/102343\/revisions\/102345"}],"wp:featuredmedia":[{"embeddable":true,"href":"https:\/\/elinformanteperu.com\/index.php\/wp-json\/wp\/v2\/media\/102344"}],"wp:attachment":[{"href":"https:\/\/elinformanteperu.com\/index.php\/wp-json\/wp\/v2\/media?parent=102343"}],"wp:term":[{"taxonomy":"category","embeddable":true,"href":"https:\/\/elinformanteperu.com\/index.php\/wp-json\/wp\/v2\/categories?post=102343"},{"taxonomy":"post_tag","embeddable":true,"href":"https:\/\/elinformanteperu.com\/index.php\/wp-json\/wp\/v2\/tags?post=102343"}],"curies":[{"name":"wp","href":"https:\/\/api.w.org\/{rel}","templated":true}]}}