{"id":102176,"date":"2021-07-18T17:49:12","date_gmt":"2021-07-18T22:49:12","guid":{"rendered":"https:\/\/elinformanteperu.com\/?p=102176"},"modified":"2021-07-18T17:49:12","modified_gmt":"2021-07-18T22:49:12","slug":"gareca-tenemos-mucha-fe-de-pelear-nuevamente-la-clasificacion-al-mundial","status":"publish","type":"post","link":"https:\/\/elinformanteperu.com\/index.php\/2021\/07\/18\/gareca-tenemos-mucha-fe-de-pelear-nuevamente-la-clasificacion-al-mundial\/","title":{"rendered":"Gareca: tenemos mucha fe de pelear nuevamente la clasificaci\u00f3n al Mundial"},"content":{"rendered":"<p><strong><span style=\"color: #000000;\">Se\u00f1al\u00f3 que Lapadula se ha ganado el cari\u00f1o de los peruanos por lo demostrado en la cancha<\/span><\/strong><\/p>\n<p><span style=\"color: #000000;\"><strong>Lima, 18 Julio 2021, (ANDINA).-<\/strong> El entrenador de la selecci\u00f3n peruana, Ricardo Gareca, expres\u00f3 su optimismo en volver a pelear nuevamente la clasificaci\u00f3n al Mundial de Catar 2022.<\/span><\/p>\n<p><span style=\"color: #000000;\">\u201cSomos optimistas, tenemos confianza en la cantidad de jugadores que va sumando la selecci\u00f3n nacional. Tenemos mucha fe de pelear nuevamente una clasificaci\u00f3n a un mundial\u201d, manifest\u00f3 Gareca durante una rueda de prensa en Lima tras el cuarto puesto obtenido en la Copa Am\u00e9rica de Brasil 2021.<\/span><\/p>\n<p><span style=\"color: #000000;\">\u00abEstar nuevamente en un Mundial es determinante. Estamos enfocados en eso y somos optimistas\u00bb, remarc\u00f3 en otro pasaje de sus declaraciones.<\/span><\/p>\n<p><span style=\"color: #000000;\">La selecci\u00f3n peruana, con tan solo cuatro unidades en las eliminatorias al Mundial de Catar 2022, se enfrentar\u00e1 a Uruguay y Brasil, el 2 y 7 de setiembre, respectivamente. El primer choque por las eliminatorias ser\u00e1 en el estadio Nacional de Lima y el segundo a\u00fan no se define si en Recife o Sao Paulo.<\/span><\/p>\n<p><span style=\"color: #000000;\">Gareca consider\u00f3 que ser\u00eda clave el regreso de los hinchas en los estadios con miras a las eliminatorias. \u00abEl hincha ha ocupado un rol fundamental en todo este proceso\u00bb, a\u00f1adi\u00f3.<\/span><\/p>\n<p><strong><span style=\"color: #000000;\">Paolo Guerrero<\/span><\/strong><\/p>\n<p><span style=\"color: #000000;\">Respecto al retorno a la selecci\u00f3n nacional de Paolo Guerrero y Jefferson Farf\u00e1n, Gareca record\u00f3 que ambos futbolistas se encuentran en proceso de recuperaci\u00f3n.<\/span><\/p>\n<p><span style=\"color: #000000;\">\u00abCon ambos estamos en comunicaci\u00f3n. Ellos tienen las mismas ganas de volver a su nivel y recuperarse de sus lesiones\u00bb, acot\u00f3.<\/span><\/p>\n<p><strong><span style=\"color: #000000;\">El cari\u00f1o a Lapadula<\/span><\/strong><\/p>\n<p><span style=\"color: #000000;\">Tambi\u00e9n sostuvo que el delantero Gianluca Lapadula, de gran actuaci\u00f3n en la Copa Am\u00e9rica, se ha ganado el cari\u00f1o de los peruanos por lo que demostr\u00f3 en el campo de juego.<\/span><\/p>\n<p><span style=\"color: #000000;\">\u00abLo de Lapadula se lo ha ganado. Se ha sentido muy c\u00f3modo y se gan\u00f3 el cari\u00f1o de la gente por lo que demostr\u00f3 dentro del campo de juego. Ahora hay que mantener ese nivel. El grupo le facilit\u00f3 las cosas\u00bb, apunt\u00f3.<\/span><\/p>\n<p><a href=\"https:\/\/elinformanteperu.com\/wp-content\/uploads\/2021\/07\/lapadula-peru-paraguay.jpg\"><img fetchpriority=\"high\" decoding=\"async\" class=\"alignnone size-full wp-image-101470\" src=\"https:\/\/elinformanteperu.com\/wp-content\/uploads\/2021\/07\/lapadula-peru-paraguay.jpg\" alt=\"\" width=\"1800\" height=\"1200\" srcset=\"https:\/\/elinformanteperu.com\/wp-content\/uploads\/2021\/07\/lapadula-peru-paraguay.jpg 1800w, https:\/\/elinformanteperu.com\/wp-content\/uploads\/2021\/07\/lapadula-peru-paraguay-300x200.jpg 300w, https:\/\/elinformanteperu.com\/wp-content\/uploads\/2021\/07\/lapadula-peru-paraguay-1024x683.jpg 1024w, https:\/\/elinformanteperu.com\/wp-content\/uploads\/2021\/07\/lapadula-peru-paraguay-768x512.jpg 768w, https:\/\/elinformanteperu.com\/wp-content\/uploads\/2021\/07\/lapadula-peru-paraguay-1536x1024.jpg 1536w\" sizes=\"(max-width: 1800px) 100vw, 1800px\" \/><\/a><\/p>\n","protected":false},"excerpt":{"rendered":"<p>Se\u00f1al\u00f3 que Lapadula se ha ganado el cari\u00f1o de los peruanos por lo demostrado en la cancha Lima, 18 Julio 2021, (ANDINA).- El entrenador de la selecci\u00f3n peruana, Ricardo Gareca, expres\u00f3 su optimismo en volver a pelear nuevamente la clasificaci\u00f3n al Mundial de Catar 2022. \u201cSomos optimistas, tenemos confianza en la cantidad de jugadores que [&hellip;]<\/p>\n","protected":false},"author":1,"featured_media":83591,"comment_status":"closed","ping_status":"closed","sticky":false,"template":"","format":"standard","meta":{"rop_custom_images_group":[],"rop_custom_messages_group":[],"rop_publish_now":"initial","rop_publish_now_accounts":[],"rop_publish_now_history":[],"rop_publish_now_status":"pending","footnotes":""},"categories":[8],"tags":[4431,92,137],"class_list":["post-102176","post","type-post","status-publish","format-standard","has-post-thumbnail","hentry","category-disciplinas-deportivas","tag-eliminatorias-qatar-2022","tag-ricardo-gareca","tag-seleccion-peruana"],"_links":{"self":[{"href":"https:\/\/elinformanteperu.com\/index.php\/wp-json\/wp\/v2\/posts\/102176","targetHints":{"allow":["GET"]}}],"collection":[{"href":"https:\/\/elinformanteperu.com\/index.php\/wp-json\/wp\/v2\/posts"}],"about":[{"href":"https:\/\/elinformanteperu.com\/index.php\/wp-json\/wp\/v2\/types\/post"}],"author":[{"embeddable":true,"href":"https:\/\/elinformanteperu.com\/index.php\/wp-json\/wp\/v2\/users\/1"}],"replies":[{"embeddable":true,"href":"https:\/\/elinformanteperu.com\/index.php\/wp-json\/wp\/v2\/comments?post=102176"}],"version-history":[{"count":1,"href":"https:\/\/elinformanteperu.com\/index.php\/wp-json\/wp\/v2\/posts\/102176\/revisions"}],"predecessor-version":[{"id":102177,"href":"https:\/\/elinformanteperu.com\/index.php\/wp-json\/wp\/v2\/posts\/102176\/revisions\/102177"}],"wp:featuredmedia":[{"embeddable":true,"href":"https:\/\/elinformanteperu.com\/index.php\/wp-json\/wp\/v2\/media\/83591"}],"wp:attachment":[{"href":"https:\/\/elinformanteperu.com\/index.php\/wp-json\/wp\/v2\/media?parent=102176"}],"wp:term":[{"taxonomy":"category","embeddable":true,"href":"https:\/\/elinformanteperu.com\/index.php\/wp-json\/wp\/v2\/categories?post=102176"},{"taxonomy":"post_tag","embeddable":true,"href":"https:\/\/elinformanteperu.com\/index.php\/wp-json\/wp\/v2\/tags?post=102176"}],"curies":[{"name":"wp","href":"https:\/\/api.w.org\/{rel}","templated":true}]}}