{"id":102158,"date":"2021-07-16T00:26:15","date_gmt":"2021-07-16T05:26:15","guid":{"rendered":"https:\/\/elinformanteperu.com\/?p=102158"},"modified":"2021-07-16T00:26:15","modified_gmt":"2021-07-16T05:26:15","slug":"hernando-guerra-garcia-es-el-vocero-de-nueva-bancada-de-fuerza-popular","status":"publish","type":"post","link":"https:\/\/elinformanteperu.com\/index.php\/2021\/07\/16\/hernando-guerra-garcia-es-el-vocero-de-nueva-bancada-de-fuerza-popular\/","title":{"rendered":"Hernando Guerra Garc\u00eda es el vocero de nueva bancada de Fuerza Popular"},"content":{"rendered":"<p><strong><span style=\"color: #000000;\">Keiko Fujimori present\u00f3 hoy a los voceros<\/span><\/strong><\/p>\n<p><span style=\"color: #000000;\"><strong>Lima, 15 Julio 2021, (ANDINA).-<\/strong> La candidata de Fuerza Popular, Keiko Fujimori, present\u00f3 a los voceros de su bancada en el Congreso para el periodo 2021-2022, quienes tendr\u00e1n la responsabilidad de comunicar los acuerdos de su organizaci\u00f3n pol\u00edtica.<\/span><\/p>\n<p><span style=\"color: #000000;\">En ese sentido, inform\u00f3 que la nueva bancada de Fuerza Popular eligi\u00f3 a Hernando Guerra Garc\u00eda como vocero titular.<\/span><\/p>\n<p><span style=\"color: #000000;\">\u201cContento con la responsabilidad que me otorga la nueva bancada de FP (\u2026) para esta labor legislativa en representaci\u00f3n de todos nuestros votantes buscando lo mejor para el pa\u00eds\u201d, indic\u00f3 el congresista electo a trav\u00e9s de sus redes sociales.<\/span><\/p>\n<p><span style=\"color: #000000;\">Asimismo, Fujimori Higuchi detall\u00f3 que la primera vocera alterna ser\u00e1 Rosangella Barbar\u00e1n y el segundo vocero alterno ser\u00e1 Eduardo Castillo.<\/span><\/p>\n<p><span style=\"color: #000000;\">Cabe destacar que la nueva bancada de Fuerza Popular contar\u00e1 con un total de 24 parlamentarios. Adem\u00e1s, Keiko Fujimori detall\u00f3 que se reuni\u00f3 el d\u00eda de ayer con ellos, con el fin de establecer sus objetivos para el siguiente periodo del legislativo.<\/span><\/p>\n<p><span style=\"color: #000000;\">\u201cReunida con los miembros de la nueva bancada de Fuerza Popular en una productiva jornada delineando nuestra labor legislativa 2021-2026, con el apoyo de Idea Internacional. Trabajando juntos para construir un verdadero cambio hacia adelante\u201d, expres\u00f3.<\/span><\/p>\n<p><span style=\"color: #000000;\">Por otro lado, se inform\u00f3 que los nuevos congresistas juramentar\u00e1n este viernes 23 de julio, y que la elecci\u00f3n de la Mesa Directiva para el periodo 2021-2022 se realizar\u00e1 el pr\u00f3ximo lunes 26 de julio a las 08:00 horas.<\/span><\/p>\n<blockquote class=\"twitter-tweet\">\n<p dir=\"ltr\" lang=\"es\">La nueva bancada de Fuerza Popular eligi\u00f3 hoy a nuestros 3 voceros para el periodo 2021-2022. Vocero Titular: Nano Guerra Garc\u00eda \/ 1era Vocera Alterna: Rosangella Barbar\u00e1n \/ 2do Vocero Alterno: Eduardo Castillo. Felicitaciones a los 3 por asumir esta gran responsabilidad. <a href=\"https:\/\/t.co\/NA9yk12LQa\">pic.twitter.com\/NA9yk12LQa<\/a><\/p>\n<p>\u2014 Keiko Fujimori (@KeikoFujimori) <a href=\"https:\/\/twitter.com\/KeikoFujimori\/status\/1415832309702479875?ref_src=twsrc%5Etfw\">July 16, 2021<\/a><\/p><\/blockquote>\n<p><script async src=\"https:\/\/platform.twitter.com\/widgets.js\" charset=\"utf-8\"><\/script><\/p>\n","protected":false},"excerpt":{"rendered":"<p>Keiko Fujimori present\u00f3 hoy a los voceros Lima, 15 Julio 2021, (ANDINA).- La candidata de Fuerza Popular, Keiko Fujimori, present\u00f3 a los voceros de su bancada en el Congreso para el periodo 2021-2022, quienes tendr\u00e1n la responsabilidad de comunicar los acuerdos de su organizaci\u00f3n pol\u00edtica. En ese sentido, inform\u00f3 que la nueva bancada de Fuerza [&hellip;]<\/p>\n","protected":false},"author":1,"featured_media":102159,"comment_status":"closed","ping_status":"closed","sticky":false,"template":"","format":"standard","meta":{"rop_custom_images_group":[],"rop_custom_messages_group":[],"rop_publish_now":"initial","rop_publish_now_accounts":[],"rop_publish_now_history":[],"rop_publish_now_status":"pending","footnotes":""},"categories":[5],"tags":[192,295,6480,557],"class_list":["post-102158","post","type-post","status-publish","format-standard","has-post-thumbnail","hentry","category-actualidad-informativa","tag-congreso","tag-fuerza-popular","tag-hernando-guerra-garcia","tag-keiko-fujimori"],"_links":{"self":[{"href":"https:\/\/elinformanteperu.com\/index.php\/wp-json\/wp\/v2\/posts\/102158","targetHints":{"allow":["GET"]}}],"collection":[{"href":"https:\/\/elinformanteperu.com\/index.php\/wp-json\/wp\/v2\/posts"}],"about":[{"href":"https:\/\/elinformanteperu.com\/index.php\/wp-json\/wp\/v2\/types\/post"}],"author":[{"embeddable":true,"href":"https:\/\/elinformanteperu.com\/index.php\/wp-json\/wp\/v2\/users\/1"}],"replies":[{"embeddable":true,"href":"https:\/\/elinformanteperu.com\/index.php\/wp-json\/wp\/v2\/comments?post=102158"}],"version-history":[{"count":1,"href":"https:\/\/elinformanteperu.com\/index.php\/wp-json\/wp\/v2\/posts\/102158\/revisions"}],"predecessor-version":[{"id":102160,"href":"https:\/\/elinformanteperu.com\/index.php\/wp-json\/wp\/v2\/posts\/102158\/revisions\/102160"}],"wp:featuredmedia":[{"embeddable":true,"href":"https:\/\/elinformanteperu.com\/index.php\/wp-json\/wp\/v2\/media\/102159"}],"wp:attachment":[{"href":"https:\/\/elinformanteperu.com\/index.php\/wp-json\/wp\/v2\/media?parent=102158"}],"wp:term":[{"taxonomy":"category","embeddable":true,"href":"https:\/\/elinformanteperu.com\/index.php\/wp-json\/wp\/v2\/categories?post=102158"},{"taxonomy":"post_tag","embeddable":true,"href":"https:\/\/elinformanteperu.com\/index.php\/wp-json\/wp\/v2\/tags?post=102158"}],"curies":[{"name":"wp","href":"https:\/\/api.w.org\/{rel}","templated":true}]}}