{"id":102150,"date":"2021-07-16T00:17:56","date_gmt":"2021-07-16T05:17:56","guid":{"rendered":"https:\/\/elinformanteperu.com\/?p=102150"},"modified":"2021-07-16T00:17:56","modified_gmt":"2021-07-16T05:17:56","slug":"ministerio-publico-abre-investigacion-preliminar-por-agresion-a-ciudadanos-y-ministros","status":"publish","type":"post","link":"https:\/\/elinformanteperu.com\/index.php\/2021\/07\/16\/ministerio-publico-abre-investigacion-preliminar-por-agresion-a-ciudadanos-y-ministros\/","title":{"rendered":"Ministerio P\u00fablico abre investigaci\u00f3n preliminar por agresi\u00f3n a ciudadanos y ministros"},"content":{"rendered":"<p><span style=\"color: #000000;\"><strong>Lima, 15 Julio 2021, (ANDINA).-<\/strong> La Quinta Fiscal\u00eda Penal Corporativa del Cercado de Lima a cargo de la fiscal Fanny Uribe Tapahuasco, inici\u00f3 una investigaci\u00f3n preliminar por los actos de violencia que se registraron ayer en el Centro de Lima.<\/span><\/p>\n<p><span style=\"color: #000000;\">Se inform\u00f3 que las investigaciones se realizan por el presunto delito contra el cuerpo, la vida y la salud y contra el patrimonio y la paz p\u00fablica contra quienes resulten responsables.<\/span><\/p>\n<p><span style=\"color: #000000;\">El despacho fiscal investiga el caso del ciudadano Richard Muro Macedo, por lesiones graves, a partir de la denuncia presentada por el abogado Christian Su\u00e1rez Oliver, quien sostiene que militantes del partido \u201cPer\u00fa Libre\u201d lo atacaron con un machete por, presuntamente, llevar una bandera del Per\u00fa amarrada en la espalda.<\/span><\/p>\n<p><span style=\"color: #000000;\">Asimismo, se abri\u00f3 investigaci\u00f3n contra quienes resulten responsables por la agresi\u00f3n a los ministros de Salud, Oscar Ugarte Ubilluz; y de Vivienda, Construcci\u00f3n y Saneamiento, Solangel Fern\u00e1ndez Huanqui; as\u00ed como por los disturbios en agravio del Estado.<\/span><\/p>\n<p><span style=\"color: #000000;\">Esta \u00faltima investigaci\u00f3n fue iniciada de oficio por el Ministerio P\u00fablico a partir de la informaci\u00f3n difundida por distintos medios de comunicaci\u00f3n.<\/span><\/p>\n<p><strong><span style=\"color: #000000;\">Periodistas agredidos<\/span><\/strong><\/p>\n<p><span style=\"color: #000000;\">El despacho de la fiscal Fanny Uribe, asimismo, dispuso que se notifique a los medios de comunicaci\u00f3n para que brinden los datos de los periodistas agredidos en las inmediaciones de Palacio de Gobierno, toda vez que no se ha registrado denuncia alguna por parte de estos, sin embargo, se ha tomado conocimiento de los hechos por informaci\u00f3n difundida en la prensa.<\/span><\/p>\n<p><span style=\"color: #000000;\">De igual manera, se solicitar\u00e1 a la Municipalidad de Lima los videos de las c\u00e1maras de seguridad de la zona a fin de identificar e individualizar a los presuntos responsables de los il\u00edcitos penales mencionados.<\/span><\/p>\n","protected":false},"excerpt":{"rendered":"<p>Lima, 15 Julio 2021, (ANDINA).- La Quinta Fiscal\u00eda Penal Corporativa del Cercado de Lima a cargo de la fiscal Fanny Uribe Tapahuasco, inici\u00f3 una investigaci\u00f3n preliminar por los actos de violencia que se registraron ayer en el Centro de Lima. Se inform\u00f3 que las investigaciones se realizan por el presunto delito contra el cuerpo, la [&hellip;]<\/p>\n","protected":false},"author":1,"featured_media":51007,"comment_status":"closed","ping_status":"closed","sticky":false,"template":"","format":"standard","meta":{"rop_custom_images_group":[],"rop_custom_messages_group":[],"rop_publish_now":"initial","rop_publish_now_accounts":[],"rop_publish_now_history":[],"rop_publish_now_status":"pending","footnotes":""},"categories":[5,5745],"tags":[370],"class_list":["post-102150","post","type-post","status-publish","format-standard","has-post-thumbnail","hentry","category-actualidad-informativa","category-lo-ultimo","tag-ministerio-publico"],"_links":{"self":[{"href":"https:\/\/elinformanteperu.com\/index.php\/wp-json\/wp\/v2\/posts\/102150","targetHints":{"allow":["GET"]}}],"collection":[{"href":"https:\/\/elinformanteperu.com\/index.php\/wp-json\/wp\/v2\/posts"}],"about":[{"href":"https:\/\/elinformanteperu.com\/index.php\/wp-json\/wp\/v2\/types\/post"}],"author":[{"embeddable":true,"href":"https:\/\/elinformanteperu.com\/index.php\/wp-json\/wp\/v2\/users\/1"}],"replies":[{"embeddable":true,"href":"https:\/\/elinformanteperu.com\/index.php\/wp-json\/wp\/v2\/comments?post=102150"}],"version-history":[{"count":1,"href":"https:\/\/elinformanteperu.com\/index.php\/wp-json\/wp\/v2\/posts\/102150\/revisions"}],"predecessor-version":[{"id":102151,"href":"https:\/\/elinformanteperu.com\/index.php\/wp-json\/wp\/v2\/posts\/102150\/revisions\/102151"}],"wp:featuredmedia":[{"embeddable":true,"href":"https:\/\/elinformanteperu.com\/index.php\/wp-json\/wp\/v2\/media\/51007"}],"wp:attachment":[{"href":"https:\/\/elinformanteperu.com\/index.php\/wp-json\/wp\/v2\/media?parent=102150"}],"wp:term":[{"taxonomy":"category","embeddable":true,"href":"https:\/\/elinformanteperu.com\/index.php\/wp-json\/wp\/v2\/categories?post=102150"},{"taxonomy":"post_tag","embeddable":true,"href":"https:\/\/elinformanteperu.com\/index.php\/wp-json\/wp\/v2\/tags?post=102150"}],"curies":[{"name":"wp","href":"https:\/\/api.w.org\/{rel}","templated":true}]}}