{"id":102142,"date":"2021-07-16T00:10:44","date_gmt":"2021-07-16T05:10:44","guid":{"rendered":"https:\/\/elinformanteperu.com\/?p=102142"},"modified":"2021-07-16T00:10:44","modified_gmt":"2021-07-16T05:10:44","slug":"pedro-castillo-expresa-solidaridad-con-personas-agredidas-en-movilizacion-de-ayer","status":"publish","type":"post","link":"https:\/\/elinformanteperu.com\/index.php\/2021\/07\/16\/pedro-castillo-expresa-solidaridad-con-personas-agredidas-en-movilizacion-de-ayer\/","title":{"rendered":"Pedro Castillo expresa solidaridad con personas agredidas en movilizaci\u00f3n de ayer"},"content":{"rendered":"<p><span style=\"color: #000000;\"><strong>Lima, 15 Julio 2021, (ANDINA).-<\/strong> El candidato de Per\u00fa Libre, Pedro Castillo, expres\u00f3 su solidaridad con las personas que fueron agredidas en la v\u00edspera por manifestantes, durante una movilizaci\u00f3n registrada en el Centro de Lima.<\/span><\/p>\n<p><span style=\"color: #000000;\">\u201cManifiesto mi total rechazo a las acciones violentas de cualquier tipo\u201d, se\u00f1al\u00f3, a trav\u00e9s de su cuenta de Facebook. En ella tambi\u00e9n pidi\u00f3 \u201crestablecer la calma\u201d en el pa\u00eds.<\/span><\/p>\n<p><span style=\"color: #000000;\">Asimismo, pidi\u00f3 \u201crespeto a todos los ciudadanos, resaltando la protecci\u00f3n de sus derechos en las actuales manifestaciones\u201d.<\/span><\/p>\n<p><span style=\"color: #000000;\">\u201cMi solidaridad con los periodistas, funcionarios p\u00fablicos y simpatizantes nuestros, quienes, en su derecho leg\u00edtimo a la protesta pac\u00edfica, vienen siendo agredidos por grupos partidarios al fujimorismo\u201d, manifest\u00f3 Castillo en su publicaci\u00f3n.<\/span><\/p>\n<p><span style=\"color: #000000;\">En la v\u00edspera, grupos que se manifestaban en el Centro de Lima agredieron al ministro de Salud, \u00d3scar Ugarte, y a varios reporteros, en su intento de llegar hasta el Palacio de Gobierno.<\/span><\/p>\n<p><span style=\"color: #000000;\">Hoy, en horas de la ma\u00f1ana, Castillo se reuni\u00f3 con dirigentes del partido al que representa y con el economista Pedro Francke.<\/span><\/p>\n","protected":false},"excerpt":{"rendered":"<p>Lima, 15 Julio 2021, (ANDINA).- El candidato de Per\u00fa Libre, Pedro Castillo, expres\u00f3 su solidaridad con las personas que fueron agredidas en la v\u00edspera por manifestantes, durante una movilizaci\u00f3n registrada en el Centro de Lima. \u201cManifiesto mi total rechazo a las acciones violentas de cualquier tipo\u201d, se\u00f1al\u00f3, a trav\u00e9s de su cuenta de Facebook. En [&hellip;]<\/p>\n","protected":false},"author":1,"featured_media":102143,"comment_status":"closed","ping_status":"closed","sticky":false,"template":"","format":"standard","meta":{"rop_custom_images_group":[],"rop_custom_messages_group":[],"rop_publish_now":"initial","rop_publish_now_accounts":[],"rop_publish_now_history":[],"rop_publish_now_status":"pending","footnotes":""},"categories":[5],"tags":[6466,2092,5006],"class_list":["post-102142","post","type-post","status-publish","format-standard","has-post-thumbnail","hentry","category-actualidad-informativa","tag-elecciones-segunda-vuelta-2021","tag-pedro-castillo","tag-peru-libre"],"_links":{"self":[{"href":"https:\/\/elinformanteperu.com\/index.php\/wp-json\/wp\/v2\/posts\/102142","targetHints":{"allow":["GET"]}}],"collection":[{"href":"https:\/\/elinformanteperu.com\/index.php\/wp-json\/wp\/v2\/posts"}],"about":[{"href":"https:\/\/elinformanteperu.com\/index.php\/wp-json\/wp\/v2\/types\/post"}],"author":[{"embeddable":true,"href":"https:\/\/elinformanteperu.com\/index.php\/wp-json\/wp\/v2\/users\/1"}],"replies":[{"embeddable":true,"href":"https:\/\/elinformanteperu.com\/index.php\/wp-json\/wp\/v2\/comments?post=102142"}],"version-history":[{"count":1,"href":"https:\/\/elinformanteperu.com\/index.php\/wp-json\/wp\/v2\/posts\/102142\/revisions"}],"predecessor-version":[{"id":102144,"href":"https:\/\/elinformanteperu.com\/index.php\/wp-json\/wp\/v2\/posts\/102142\/revisions\/102144"}],"wp:featuredmedia":[{"embeddable":true,"href":"https:\/\/elinformanteperu.com\/index.php\/wp-json\/wp\/v2\/media\/102143"}],"wp:attachment":[{"href":"https:\/\/elinformanteperu.com\/index.php\/wp-json\/wp\/v2\/media?parent=102142"}],"wp:term":[{"taxonomy":"category","embeddable":true,"href":"https:\/\/elinformanteperu.com\/index.php\/wp-json\/wp\/v2\/categories?post=102142"},{"taxonomy":"post_tag","embeddable":true,"href":"https:\/\/elinformanteperu.com\/index.php\/wp-json\/wp\/v2\/tags?post=102142"}],"curies":[{"name":"wp","href":"https:\/\/api.w.org\/{rel}","templated":true}]}}