{"id":102137,"date":"2021-07-16T00:06:16","date_gmt":"2021-07-16T05:06:16","guid":{"rendered":"https:\/\/elinformanteperu.com\/?p=102137"},"modified":"2021-07-16T00:06:16","modified_gmt":"2021-07-16T05:06:16","slug":"avanza-pais-descarta-integrar-mesa-directiva-parlamentaria-encabezada-por-peru-libre","status":"publish","type":"post","link":"https:\/\/elinformanteperu.com\/index.php\/2021\/07\/16\/avanza-pais-descarta-integrar-mesa-directiva-parlamentaria-encabezada-por-peru-libre\/","title":{"rendered":"Avanza Pa\u00eds descarta integrar mesa directiva parlamentaria encabezada por Per\u00fa Libre"},"content":{"rendered":"<p><span style=\"color: #000000;\"><strong>Su vocero afirma que bancada har\u00e1 \u201coposici\u00f3n constructiva\u201d<\/strong><\/span><\/p>\n<p><span style=\"color: #000000;\"><strong>Lima, 15 Julio 2021, (ANDINA).-<\/strong> La bancada que el partido Avanza Pa\u00eds tendr\u00e1 en el nuevo Congreso no participar\u00e1 de una mesa directiva encabezada por Per\u00fa Libre, se\u00f1al\u00f3 su vocero, Jos\u00e9 Williams.<\/span><\/p>\n<p><span style=\"color: #000000;\">En declaraciones a Canal N, el parlamentario electo dijo que su grupo agradec\u00eda a Per\u00fa Libre por el acercamiento a dialogar y pedirles integrar una mesa directiva multipartidaria. Sin embargo, luego de escuchar sus planteamientos prefirieron no aceptar la propuesta.<\/span><\/p>\n<p><span style=\"color: #000000;\">\u201cNo coincidimos con hacer un refer\u00e9ndum, una asamblea constituyente ni con cambiar totalmente la Constituci\u00f3n\u201d, a\u00f1adi\u00f3.<\/span><\/p>\n<p><span style=\"color: #000000;\">En su opini\u00f3n, este proceso no tendr\u00eda resultados concretos, pues, \u201cla mayor\u00eda de la poblaci\u00f3n no quiere\u201d un nuevo texto constitucional<\/span><\/p>\n<p><span style=\"color: #000000;\">Por otro lado, Williams se\u00f1al\u00f3 que Avanza Pa\u00eds aspira a formar parte de una mesa directiva conformada por agrupaciones con las que tenga coincidencias program\u00e1ticas y que \u2013en caso de concretarse dicha posibilidad\u2013 su representante en una de las vicepresidencias ser\u00eda la parlamentaria electa Patricia Chirinos.<\/span><\/p>\n<p><span style=\"color: #000000;\">Asimismo, descart\u00f3 que alguno de los siete parlamentarios que integran su bancada vaya a retirarse de la misma para integrar la \u201cbancada liberal\u201d que dice promover el congresista electo por Renovaci\u00f3n Popular H\u00e9ctor Valer, recientemente retirado de dicho partido pol\u00edtico.<\/span><\/p>\n<p><span style=\"color: #000000;\">Williams defini\u00f3 la posici\u00f3n de Avanza Pa\u00eds en el Congreso como la de \u201coposici\u00f3n constructiva\u201d. Refiri\u00f3 tambi\u00e9n que el ex candidato presidencial de ese grupo, Hernando de Soto, ha recibido consultas de parte de Per\u00fa Libre y de Fuerza Popular, pero ha se\u00f1alado que no aportar\u00e1 nada mientras no haya una proclamaci\u00f3n oficial del nuevo Presidente.<\/span><\/p>\n","protected":false},"excerpt":{"rendered":"<p>Su vocero afirma que bancada har\u00e1 \u201coposici\u00f3n constructiva\u201d Lima, 15 Julio 2021, (ANDINA).- La bancada que el partido Avanza Pa\u00eds tendr\u00e1 en el nuevo Congreso no participar\u00e1 de una mesa directiva encabezada por Per\u00fa Libre, se\u00f1al\u00f3 su vocero, Jos\u00e9 Williams. En declaraciones a Canal N, el parlamentario electo dijo que su grupo agradec\u00eda a Per\u00fa [&hellip;]<\/p>\n","protected":false},"author":1,"featured_media":87716,"comment_status":"closed","ping_status":"closed","sticky":false,"template":"","format":"standard","meta":{"rop_custom_images_group":[],"rop_custom_messages_group":[],"rop_publish_now":"initial","rop_publish_now_accounts":[],"rop_publish_now_history":[],"rop_publish_now_status":"pending","footnotes":""},"categories":[5],"tags":[6131,192],"class_list":["post-102137","post","type-post","status-publish","format-standard","has-post-thumbnail","hentry","category-actualidad-informativa","tag-avanza-pais","tag-congreso"],"_links":{"self":[{"href":"https:\/\/elinformanteperu.com\/index.php\/wp-json\/wp\/v2\/posts\/102137","targetHints":{"allow":["GET"]}}],"collection":[{"href":"https:\/\/elinformanteperu.com\/index.php\/wp-json\/wp\/v2\/posts"}],"about":[{"href":"https:\/\/elinformanteperu.com\/index.php\/wp-json\/wp\/v2\/types\/post"}],"author":[{"embeddable":true,"href":"https:\/\/elinformanteperu.com\/index.php\/wp-json\/wp\/v2\/users\/1"}],"replies":[{"embeddable":true,"href":"https:\/\/elinformanteperu.com\/index.php\/wp-json\/wp\/v2\/comments?post=102137"}],"version-history":[{"count":1,"href":"https:\/\/elinformanteperu.com\/index.php\/wp-json\/wp\/v2\/posts\/102137\/revisions"}],"predecessor-version":[{"id":102138,"href":"https:\/\/elinformanteperu.com\/index.php\/wp-json\/wp\/v2\/posts\/102137\/revisions\/102138"}],"wp:featuredmedia":[{"embeddable":true,"href":"https:\/\/elinformanteperu.com\/index.php\/wp-json\/wp\/v2\/media\/87716"}],"wp:attachment":[{"href":"https:\/\/elinformanteperu.com\/index.php\/wp-json\/wp\/v2\/media?parent=102137"}],"wp:term":[{"taxonomy":"category","embeddable":true,"href":"https:\/\/elinformanteperu.com\/index.php\/wp-json\/wp\/v2\/categories?post=102137"},{"taxonomy":"post_tag","embeddable":true,"href":"https:\/\/elinformanteperu.com\/index.php\/wp-json\/wp\/v2\/tags?post=102137"}],"curies":[{"name":"wp","href":"https:\/\/api.w.org\/{rel}","templated":true}]}}