{"id":102135,"date":"2021-07-16T00:03:39","date_gmt":"2021-07-16T05:03:39","guid":{"rendered":"https:\/\/elinformanteperu.com\/?p=102135"},"modified":"2021-07-16T00:03:39","modified_gmt":"2021-07-16T05:03:39","slug":"congreso-nuevos-parlamentarios-juraran-el-23-de-julio-acto-se-hara-por-bancadas-y-sin-invitados-senala","status":"publish","type":"post","link":"https:\/\/elinformanteperu.com\/index.php\/2021\/07\/16\/congreso-nuevos-parlamentarios-juraran-el-23-de-julio-acto-se-hara-por-bancadas-y-sin-invitados-senala\/","title":{"rendered":"Congreso: nuevos parlamentarios jurar\u00e1n el 23 de julio Acto se har\u00e1 por bancadas y sin invitados, se\u00f1ala"},"content":{"rendered":"<p><strong><span style=\"color: #000000;\">Enrique Wong, miembro de la Junta de Portavoces<\/span><\/strong><\/p>\n<p><span style=\"color: #000000;\"><strong>Lima, 15 Julio 2021, (ANDINA).-<\/strong> Los parlamentarios que integrar\u00e1n el Congreso para el periodo 2021-2026 jurar\u00e1n este viernes 23 de julio, por bancadas parlamentarias y sin invitados, asegur\u00f3 hoy el congresista electo Enrique Wong (Podemos Per\u00fa), primer secretario de la Junta Preparatoria.<\/span><\/p>\n<p><span style=\"color: #000000;\">Precis\u00f3 que hoy, a las 10:00 horas, la Junta Preparatoria realizar\u00e1 su primera reuni\u00f3n en el Congreso.<\/span><\/p>\n<p><span style=\"color: #000000;\">\u201cEst\u00e1 previsto que la juramentaci\u00f3n sea el viernes 23 de julio; de acuerdo a las medias sanitarias estar\u00e1n 40 a 50 personas en salas adjuntas, a la espera de que ingresen de acuerdo a un orden, por bancadas para respetar la distancia social\u201d, precis\u00f3 en RPP.<\/span><\/p>\n<p><span style=\"color: #000000;\">Reiter\u00f3 que se ha previsto que la ceremonia de juramentaci\u00f3n no tenga invitados a fin de evitar un posible contagio de covid-19, considerando que puede haber una tercera ola.<\/span><\/p>\n<p><span style=\"color: #000000;\">Sostuvo que la Junta Preparatoria tiene como funci\u00f3n coordinar la juramentaci\u00f3n de los 130 parlamentarios y la convocatoria a la elecci\u00f3n de la Mesa Directiva del Congreso para el periodo 2021-2022.<\/span><\/p>\n<p><strong><span style=\"color: #000000;\">Mesa Directiva<\/span><\/strong><\/p>\n<p><span style=\"color: #000000;\">Por otro lado, Wong indic\u00f3 que Podemos Per\u00fa dialog\u00f3 con diferentes bancadas para la conformaci\u00f3n de la Mesa Directiva del Congreso, poniendo como principios el respeto a la Constituci\u00f3n, a la democracia y la propiedad privada.<\/span><\/p>\n<p><span style=\"color: #000000;\">Precis\u00f3 que se ha conversado incluso con voceros de Per\u00fa Libre, con quienes encontr\u00f3 \u201ccomuni\u00f3n de ideas\u201d, porque est\u00e1 convencido de que, m\u00e1s all\u00e1 de las ideolog\u00edas y el color pol\u00edtico, todo se deben poner \u201cuna sola camiseta\u201d.<\/span><\/p>\n<p><span style=\"color: #000000;\">\u201cEn Podemos Per\u00fa tenemos establecido que vamos a apoyar a la lista que garantice la democracia, el respeto a la inversi\u00f3n privada, el respeto a las libertades y que trabaje por el bien de la Patria, no interesando la ideolog\u00eda y el color pol\u00edtico\u201d, apunt\u00f3.<\/span><\/p>\n<p><span style=\"color: #000000;\">En ese sentido, dijo que no descartan la posibilidad de que Per\u00fa Libre encabece la presidencia del Congreso.<\/span><\/p>\n<p><span style=\"color: #000000;\">Sostuvo tambi\u00e9n que su organizaci\u00f3n pol\u00edtica considera que no se requiere de una asamblea constituyente para cambiar la Constituci\u00f3n y que debe ser el pr\u00f3ximo Congreso el que elija a los magistrados del Tribunal Constitucional.<\/span><\/p>\n","protected":false},"excerpt":{"rendered":"<p>Enrique Wong, miembro de la Junta de Portavoces Lima, 15 Julio 2021, (ANDINA).- Los parlamentarios que integrar\u00e1n el Congreso para el periodo 2021-2026 jurar\u00e1n este viernes 23 de julio, por bancadas parlamentarias y sin invitados, asegur\u00f3 hoy el congresista electo Enrique Wong (Podemos Per\u00fa), primer secretario de la Junta Preparatoria. Precis\u00f3 que hoy, a las [&hellip;]<\/p>\n","protected":false},"author":1,"featured_media":60469,"comment_status":"closed","ping_status":"closed","sticky":false,"template":"","format":"standard","meta":{"rop_custom_images_group":[],"rop_custom_messages_group":[],"rop_publish_now":"initial","rop_publish_now_accounts":[],"rop_publish_now_history":[],"rop_publish_now_status":"pending","footnotes":""},"categories":[5],"tags":[192],"class_list":["post-102135","post","type-post","status-publish","format-standard","has-post-thumbnail","hentry","category-actualidad-informativa","tag-congreso"],"_links":{"self":[{"href":"https:\/\/elinformanteperu.com\/index.php\/wp-json\/wp\/v2\/posts\/102135","targetHints":{"allow":["GET"]}}],"collection":[{"href":"https:\/\/elinformanteperu.com\/index.php\/wp-json\/wp\/v2\/posts"}],"about":[{"href":"https:\/\/elinformanteperu.com\/index.php\/wp-json\/wp\/v2\/types\/post"}],"author":[{"embeddable":true,"href":"https:\/\/elinformanteperu.com\/index.php\/wp-json\/wp\/v2\/users\/1"}],"replies":[{"embeddable":true,"href":"https:\/\/elinformanteperu.com\/index.php\/wp-json\/wp\/v2\/comments?post=102135"}],"version-history":[{"count":1,"href":"https:\/\/elinformanteperu.com\/index.php\/wp-json\/wp\/v2\/posts\/102135\/revisions"}],"predecessor-version":[{"id":102136,"href":"https:\/\/elinformanteperu.com\/index.php\/wp-json\/wp\/v2\/posts\/102135\/revisions\/102136"}],"wp:featuredmedia":[{"embeddable":true,"href":"https:\/\/elinformanteperu.com\/index.php\/wp-json\/wp\/v2\/media\/60469"}],"wp:attachment":[{"href":"https:\/\/elinformanteperu.com\/index.php\/wp-json\/wp\/v2\/media?parent=102135"}],"wp:term":[{"taxonomy":"category","embeddable":true,"href":"https:\/\/elinformanteperu.com\/index.php\/wp-json\/wp\/v2\/categories?post=102135"},{"taxonomy":"post_tag","embeddable":true,"href":"https:\/\/elinformanteperu.com\/index.php\/wp-json\/wp\/v2\/tags?post=102135"}],"curies":[{"name":"wp","href":"https:\/\/api.w.org\/{rel}","templated":true}]}}