{"id":102124,"date":"2021-07-15T23:44:30","date_gmt":"2021-07-16T04:44:30","guid":{"rendered":"https:\/\/elinformanteperu.com\/?p=102124"},"modified":"2021-07-15T23:47:55","modified_gmt":"2021-07-16T04:47:55","slug":"covid-19-200000-personas-no-han-regresado-por-su-segunda-dosis-de-la-vacuna","status":"publish","type":"post","link":"https:\/\/elinformanteperu.com\/index.php\/2021\/07\/15\/covid-19-200000-personas-no-han-regresado-por-su-segunda-dosis-de-la-vacuna\/","title":{"rendered":"Covid-19: 200,000 personas no han regresado por su segunda dosis de la vacuna"},"content":{"rendered":"<p><strong><span style=\"color: #000000;\">Minsa precisa que 76,000 se encuentran en Lima y Callao y que se les espera en la segunda Vacunat\u00f3n<\/span><\/strong><\/p>\n<p><span style=\"color: #000000;\"><strong>Lima, 15 Julio 2021, (ANDINA).-<\/strong> Si bien se ha acelerado el proceso de vacunaci\u00f3n contra la covid-19 en el Per\u00fa, el viceministro de Salud P\u00fablica del Minsa, Gustavo Rosell, inform\u00f3 que 200,000 personas mayores de 60 a\u00f1os tienen pendiente su segunda dosis y que, por lo tanto, no est\u00e1n protegidas completamente frente al coronavirus y sus variantes.<\/span><\/p>\n<p><span style=\"color: #000000;\">\u201cTenemos 200,000 personas que se pasaron de los 21 d\u00edas, y en Lima Metropolitana y Callao, 76,000 personas. Esta semana las estamos buscando y adem\u00e1s esperamos que, con la Vacunat\u00f3n, cerremos la brecha\u201d, refiri\u00f3 Rosell De Almeida.<\/span><\/p>\n<p><span style=\"color: #000000;\">El funcionario detall\u00f3 que las brigadas de salud vienen contactando a las personas con segunda dosis pendiente a trav\u00e9s del tel\u00e9fono que consignan en su consentimiento informado antes de la primera inoculaci\u00f3n.<\/span><\/p>\n<p><span style=\"color: #000000;\">\u00abGracias a eso hemos logrado reducir de 400,000 a 200,000 a nivel nacional. A\u00fan no es suficiente porque queremos llegar al 100% de las personas\u00bb, enfatiz\u00f3.<\/span><\/p>\n<p><span style=\"color: #000000;\">Tambi\u00e9n mencion\u00f3 que no se puede avanzar con la poblaci\u00f3n cuando a\u00fan hay adultos mayores que no han recibido su segunda dosis.<\/span><\/p>\n<p><span style=\"color: #000000;\">En ese sentido, a\u00f1adi\u00f3 que la vacunaci\u00f3n no es una competencia de a cu\u00e1ntas personas se les aplica la primera dosis sino de que se reduzca la mortalidad y se d\u00e9 una mayor protecci\u00f3n, objetivos que se consiguen con ambas inoculaciones.<\/span><\/p>\n<p><span style=\"color: #000000;\">Exhort\u00f3 a las familias a estar atentas de la vacunaci\u00f3n de sus adultos mayores ya que, por diversos motivos, no consultan su carn\u00e9 de vacunaci\u00f3n o se les pasa la fecha de programaci\u00f3n.<\/span><\/p>\n<p><span style=\"color: #000000;\">\u00abSi ya transcurrieron los 21 d\u00edas, todav\u00eda est\u00e1n a tiempo de completar su proceso de vacunaci\u00f3n\u00bb, inst\u00f3.<\/span><\/p>\n<p><span style=\"color: #000000;\">Finalmente, Rosell invit\u00f3 a la segunda Vacunat\u00f3n que se desarrollar\u00e1 desde este s\u00e1bado 17 de julio a las 7:00 a.m. al domingo 18 de julio a las 7:00 p.m.<\/span><\/p>\n<p><span style=\"color: #000000;\">En esta marat\u00f3nica jornada se convocar\u00e1 a las personas con segunda dosis pendiente, rezagadas, as\u00ed como de 45 y 46 a\u00f1os, estas \u00faltimas ya pueden ver su programaci\u00f3n en el portal <a href=\"https:\/\/consultas.pongoelhombro.gob.pe\/#\/\"><strong>Pongo el hombro<\/strong><\/a>.<\/span><\/p>\n<p><span style=\"color: #000000;\">Esta vez, se contar\u00e1 con 22 centros de vacunaci\u00f3n implementados en Lima Metropolitana y Callao, tras la incorporaci\u00f3n de la Cl\u00ednica Delgado.<\/span><\/p>\n","protected":false},"excerpt":{"rendered":"<p>Minsa precisa que 76,000 se encuentran en Lima y Callao y que se les espera en la segunda Vacunat\u00f3n Lima, 15 Julio 2021, (ANDINA).- Si bien se ha acelerado el proceso de vacunaci\u00f3n contra la covid-19 en el Per\u00fa, el viceministro de Salud P\u00fablica del Minsa, Gustavo Rosell, inform\u00f3 que 200,000 personas mayores de 60 [&hellip;]<\/p>\n","protected":false},"author":1,"featured_media":102125,"comment_status":"closed","ping_status":"closed","sticky":false,"template":"","format":"standard","meta":{"rop_custom_images_group":[],"rop_custom_messages_group":[],"rop_publish_now":"initial","rop_publish_now_accounts":[],"rop_publish_now_history":[],"rop_publish_now_status":"pending","footnotes":""},"categories":[10,5745],"tags":[388,431,5939],"class_list":["post-102124","post","type-post","status-publish","format-standard","has-post-thumbnail","hentry","category-actualidad-municipal","category-lo-ultimo","tag-ministerio-de-salud","tag-minsa","tag-vacunacion"],"_links":{"self":[{"href":"https:\/\/elinformanteperu.com\/index.php\/wp-json\/wp\/v2\/posts\/102124","targetHints":{"allow":["GET"]}}],"collection":[{"href":"https:\/\/elinformanteperu.com\/index.php\/wp-json\/wp\/v2\/posts"}],"about":[{"href":"https:\/\/elinformanteperu.com\/index.php\/wp-json\/wp\/v2\/types\/post"}],"author":[{"embeddable":true,"href":"https:\/\/elinformanteperu.com\/index.php\/wp-json\/wp\/v2\/users\/1"}],"replies":[{"embeddable":true,"href":"https:\/\/elinformanteperu.com\/index.php\/wp-json\/wp\/v2\/comments?post=102124"}],"version-history":[{"count":3,"href":"https:\/\/elinformanteperu.com\/index.php\/wp-json\/wp\/v2\/posts\/102124\/revisions"}],"predecessor-version":[{"id":102128,"href":"https:\/\/elinformanteperu.com\/index.php\/wp-json\/wp\/v2\/posts\/102124\/revisions\/102128"}],"wp:featuredmedia":[{"embeddable":true,"href":"https:\/\/elinformanteperu.com\/index.php\/wp-json\/wp\/v2\/media\/102125"}],"wp:attachment":[{"href":"https:\/\/elinformanteperu.com\/index.php\/wp-json\/wp\/v2\/media?parent=102124"}],"wp:term":[{"taxonomy":"category","embeddable":true,"href":"https:\/\/elinformanteperu.com\/index.php\/wp-json\/wp\/v2\/categories?post=102124"},{"taxonomy":"post_tag","embeddable":true,"href":"https:\/\/elinformanteperu.com\/index.php\/wp-json\/wp\/v2\/tags?post=102124"}],"curies":[{"name":"wp","href":"https:\/\/api.w.org\/{rel}","templated":true}]}}