{"id":10210,"date":"2017-05-18T21:15:24","date_gmt":"2017-05-19T02:15:24","guid":{"rendered":"http:\/\/elinformanteperu.com\/?p=10210"},"modified":"2017-05-18T21:15:24","modified_gmt":"2017-05-19T02:15:24","slug":"lucia-filme-emblematico-de-cuba-llega-al-festival-de-cine-de-cannes","status":"publish","type":"post","link":"https:\/\/elinformanteperu.com\/index.php\/2017\/05\/18\/lucia-filme-emblematico-de-cuba-llega-al-festival-de-cine-de-cannes\/","title":{"rendered":"Luc\u00eda, filme emblem\u00e1tico de Cuba llega al Festival de Cine de Cannes"},"content":{"rendered":"<p><span style=\"color: #000000;\"><strong>La pel\u00edcula Luc\u00eda, considerada una de las obras maestras del cine en Cuba, ser\u00e1 proyectada en versi\u00f3n restaurada durante el Festival de Cine de Cannes.<\/strong><\/span><\/p>\n<p><span style=\"color: #000000;\"><strong>Par\u00eds, 18 Mayo 2017, (PL).-<\/strong> La pel\u00edcula Luc\u00eda, considerada una de las obras maestras del cine en Cuba, ser\u00e1 proyectada en versi\u00f3n restaurada durante el prestigioso Festival de Cine de Cannes, que vive su segunda jornada de sesiones en Francia.<\/span><\/p>\n<p><span style=\"color: #000000;\">El filme del realizador Humberto Sol\u00e1s es uno de los 20 materiales escogidos para la secci\u00f3n Cannes Classics 2017, dedicada a presentar obras recuperadas que marcaron la historia del cine a nivel internacional.<\/span><\/p>\n<p><span style=\"color: #000000;\">Producida en el a\u00f1o 1968, Luc\u00eda se compone de tres episodios ubicados en momentos diferentes de la historia de Cuba, cada uno protagonizado por una mujer con ese nombre.<\/span><\/p>\n<p><span style=\"color: #000000;\">El filme marc\u00f3 un hito en la producci\u00f3n cinematogr\u00e1fica de esa naci\u00f3n caribe\u00f1a en la fruct\u00edfera d\u00e9cada de 1960, junto con el filme Memorias del subdesarrollo, de Tom\u00e1s Guti\u00e9rrez Alea, el cual fue proyectado en la secci\u00f3n Cannes Classics del a\u00f1o pasado.<\/span><\/p>\n<p><span style=\"color: #000000;\">De acuerdo con la informaci\u00f3n divulgada, la Cineteca de Bologna se encarga de alistar los detalles t\u00e9cnicos y organizativos para la exhibici\u00f3n del filme restaurado, prevista el 27 de mayo en la sala Luis Bu\u00f1uel de la ciudad de Cannes, balneario del sur franc\u00e9s que cada a\u00f1o acoge uno de los principales festivales de cine en el mundo.<\/span><\/p>\n<p><span style=\"color: #000000;\">Para la proyecci\u00f3n estar\u00e1n presentes Eslinda N\u00fa\u00f1ez, una de las tres protagonistas de la pel\u00edcula y ganadora del Premio Nacional de Cine en Cuba; Sergio Benvenuto Sol\u00e1s, colaborador del cineasta y representante de la familia Sol\u00e1s; e Iv\u00e1n Giroud, presidente del Festival del Cine Latinoamericano de la Habana.<\/span><\/p>\n<p><span style=\"color: #000000;\">El Festival de Cine de Cannes qued\u00f3 inaugurado ayer en una ceremonia marcada por la distinci\u00f3n y el glamour habituales en este evento, que suele a atraer a las grandes estrellas del s\u00e9ptimo arte en el mundo.<\/span><\/p>\n<p><span style=\"color: #000000;\">La secci\u00f3n Cannes Classics, una de las principales en la programaci\u00f3n, est\u00e1 dirigida a valorizar el trabajo de la restauraci\u00f3n para el rescate del patrimonio f\u00edlmico internacional.<\/span><\/p>\n<p><span style=\"color: #000000;\">Este a\u00f1o se proyecta una selecci\u00f3n de 20 materiales procedentes de pa\u00edses como Cuba, Hungr\u00eda, L\u00edbano, Serbia, Reino Unido, Italia, Estados Unidos, Israel, Mauritania, N\u00edger y Polonia.<\/span><\/p>\n<p><iframe src=\"https:\/\/www.youtube-nocookie.com\/embed\/z4HWRQX9cEs?rel=0&amp;controls=0&amp;showinfo=0\" width=\"560\" height=\"315\" frameborder=\"0\" allowfullscreen=\"allowfullscreen\"><\/iframe><\/p>\n","protected":false},"excerpt":{"rendered":"<p>La pel\u00edcula Luc\u00eda, considerada una de las obras maestras del cine en Cuba, ser\u00e1 proyectada en versi\u00f3n restaurada durante el Festival de Cine de Cannes. Par\u00eds, 18 Mayo 2017, (PL).- La pel\u00edcula Luc\u00eda, considerada una de las obras maestras del cine en Cuba, ser\u00e1 proyectada en versi\u00f3n restaurada durante el prestigioso Festival de Cine de [&hellip;]<\/p>\n","protected":false},"author":1,"featured_media":10211,"comment_status":"open","ping_status":"open","sticky":false,"template":"","format":"standard","meta":{"rop_custom_images_group":[],"rop_custom_messages_group":[],"rop_publish_now":"initial","rop_publish_now_accounts":[],"rop_publish_now_history":[],"rop_publish_now_status":"pending","footnotes":""},"categories":[7],"tags":[1004,863,1593],"class_list":["post-10210","post","type-post","status-publish","format-standard","has-post-thumbnail","hentry","category-butaca","tag-cannes-2017","tag-festival-de-cine-de-cannes","tag-lucia"],"_links":{"self":[{"href":"https:\/\/elinformanteperu.com\/index.php\/wp-json\/wp\/v2\/posts\/10210","targetHints":{"allow":["GET"]}}],"collection":[{"href":"https:\/\/elinformanteperu.com\/index.php\/wp-json\/wp\/v2\/posts"}],"about":[{"href":"https:\/\/elinformanteperu.com\/index.php\/wp-json\/wp\/v2\/types\/post"}],"author":[{"embeddable":true,"href":"https:\/\/elinformanteperu.com\/index.php\/wp-json\/wp\/v2\/users\/1"}],"replies":[{"embeddable":true,"href":"https:\/\/elinformanteperu.com\/index.php\/wp-json\/wp\/v2\/comments?post=10210"}],"version-history":[{"count":1,"href":"https:\/\/elinformanteperu.com\/index.php\/wp-json\/wp\/v2\/posts\/10210\/revisions"}],"predecessor-version":[{"id":10212,"href":"https:\/\/elinformanteperu.com\/index.php\/wp-json\/wp\/v2\/posts\/10210\/revisions\/10212"}],"wp:featuredmedia":[{"embeddable":true,"href":"https:\/\/elinformanteperu.com\/index.php\/wp-json\/wp\/v2\/media\/10211"}],"wp:attachment":[{"href":"https:\/\/elinformanteperu.com\/index.php\/wp-json\/wp\/v2\/media?parent=10210"}],"wp:term":[{"taxonomy":"category","embeddable":true,"href":"https:\/\/elinformanteperu.com\/index.php\/wp-json\/wp\/v2\/categories?post=10210"},{"taxonomy":"post_tag","embeddable":true,"href":"https:\/\/elinformanteperu.com\/index.php\/wp-json\/wp\/v2\/tags?post=10210"}],"curies":[{"name":"wp","href":"https:\/\/api.w.org\/{rel}","templated":true}]}}