{"id":102096,"date":"2021-07-15T22:23:11","date_gmt":"2021-07-16T03:23:11","guid":{"rendered":"https:\/\/elinformanteperu.com\/?p=102096"},"modified":"2021-07-15T22:23:11","modified_gmt":"2021-07-16T03:23:11","slug":"universitario-ya-tiene-su-camiseta-para-conmemorar-el-bicentenario-del-peru","status":"publish","type":"post","link":"https:\/\/elinformanteperu.com\/index.php\/2021\/07\/15\/universitario-ya-tiene-su-camiseta-para-conmemorar-el-bicentenario-del-peru\/","title":{"rendered":"Universitario ya tiene su camiseta para conmemorar el Bicentenario del Per\u00fa"},"content":{"rendered":"<p><strong><span style=\"color: #000000;\">Esta indumentaria deportiva la usar\u00e1 en sus partidos del mes julio<\/span><\/strong><\/p>\n<p><span style=\"color: #000000;\"><strong>Lima, 15 Julio 2021, (ANDINA).-<\/strong> El club Universitario poni\u00e9ndose a tono con la celebraci\u00f3n en el Per\u00fa, present\u00f3 la nueva indumentaria deportiva que usar\u00e1 para conmemorar el bicentenario del pa\u00eds<\/span><br \/>\n<span style=\"color: #000000;\">El conjunto \u00abcrema\u00bb us\u00f3 sus redes sociales para dar a conocer los detalles de su nueva camiseta que usar\u00e1 para brindar tributo a los 200 a\u00f1os de la Independencia del Per\u00fa.<\/span><\/p>\n<p><span style=\"color: #000000;\">\u00ab\u00a1Nos une la historia y la pasi\u00f3n!\u00a1Porque llevamos a la &#8216;U&#8217; en la piel y al Per\u00fa en el coraz\u00f3n! Presentamos la nueva camiseta conmemorativa por el Bicentenario de la Independencia. \u00a1Y dale &#8216;U&#8217;, Viva el Per\u00fa!\u00bb, fue lo que escribi\u00f3 el cuadro crema en redes sociales.<\/span><\/p>\n<p><span style=\"color: #000000;\">Universitario utilizar\u00e1 esta indumentaria durante el mes de julio, para rendir homenaje a la serie de sucesos y personajes que lograron este hecho hist\u00f3rico para el Per\u00fa.<\/span><\/p>\n<p><span style=\"color: #000000;\">\u00abLa camiseta incorpora la franja representativa nacional en color granate sobre un fondo crema, cl\u00e1sica del m\u00e1s grande del Per\u00fa. Adem\u00e1s, se ha redise\u00f1ado la imagen de la prenda al incluir una versi\u00f3n moderna del cuello en los mismos tonos que la franja y un sello conmemorativo en la parte posterior de la camiseta\u00bb, detall\u00f3 el cuadro merengue.<\/span><\/p>\n<p><span style=\"color: #000000;\">\u00abSumado a esto, los contrastes de color en mangas y los viniles laterales con colores de la bandera, muestran un equilibrio crom\u00e1tico que terminan por definir una indumentaria moderna, con colores cl\u00e1sicos e hist\u00f3ricos, pero sin perder la funcionalidad que necesitan los jugadores de alto rendimiento\u00bb, acot\u00f3.<\/span><\/p>\n<p><span style=\"color: #000000;\">La camiseta estar\u00e1 a la venta desde el 15 de julio en marathon.com.pe y de manera f\u00edsica desde el 19 de julio. Estos son los precios para cada versi\u00f3n: S\/ 199.90 la versi\u00f3n hombre, S\/ 169.90 la versi\u00f3n mujer y S\/ 149.90 la de ni\u00f1os.<\/span><\/p>\n<blockquote class=\"twitter-tweet\">\n<p dir=\"ltr\" lang=\"es\">\ud83c\udd95\ud83c\udfa5 \u00a1Mira todos los detalles de la nueva camiseta <a href=\"https:\/\/twitter.com\/MarathonPeru?ref_src=twsrc%5Etfw\">@MarathonPeru<\/a> conmemorativa al Bicentenario de la Independencia del Per\u00fa! \ud83c\uddf5\ud83c\uddea<\/p>\n<p>\u00a1Lleva en el pecho con orgullo tus dos grandes pasiones!<\/p>\n<p>\ud83d\uded2 Encu\u00e9ntrala en <a href=\"https:\/\/t.co\/QhX3BMNujr\">https:\/\/t.co\/QhX3BMNujr<\/a> <a href=\"https:\/\/t.co\/kBk4OVUP8l\">pic.twitter.com\/kBk4OVUP8l<\/a><\/p>\n<p>\u2014 Universitario (@Universitario) <a href=\"https:\/\/twitter.com\/Universitario\/status\/1415733011648323586?ref_src=twsrc%5Etfw\">July 15, 2021<\/a><\/p><\/blockquote>\n<p><script async src=\"https:\/\/platform.twitter.com\/widgets.js\" charset=\"utf-8\"><\/script><\/p>\n","protected":false},"excerpt":{"rendered":"<p>Esta indumentaria deportiva la usar\u00e1 en sus partidos del mes julio Lima, 15 Julio 2021, (ANDINA).- El club Universitario poni\u00e9ndose a tono con la celebraci\u00f3n en el Per\u00fa, present\u00f3 la nueva indumentaria deportiva que usar\u00e1 para conmemorar el bicentenario del pa\u00eds El conjunto \u00abcrema\u00bb us\u00f3 sus redes sociales para dar a conocer los detalles de [&hellip;]<\/p>\n","protected":false},"author":1,"featured_media":102097,"comment_status":"closed","ping_status":"closed","sticky":false,"template":"","format":"standard","meta":{"rop_custom_images_group":[],"rop_custom_messages_group":[],"rop_publish_now":"initial","rop_publish_now_accounts":[],"rop_publish_now_history":[],"rop_publish_now_status":"pending","footnotes":""},"categories":[8],"tags":[3794,6668,144],"class_list":["post-102096","post","type-post","status-publish","format-standard","has-post-thumbnail","hentry","category-disciplinas-deportivas","tag-bicentenario","tag-bicentenario-2021","tag-universitario-de-deportes"],"_links":{"self":[{"href":"https:\/\/elinformanteperu.com\/index.php\/wp-json\/wp\/v2\/posts\/102096","targetHints":{"allow":["GET"]}}],"collection":[{"href":"https:\/\/elinformanteperu.com\/index.php\/wp-json\/wp\/v2\/posts"}],"about":[{"href":"https:\/\/elinformanteperu.com\/index.php\/wp-json\/wp\/v2\/types\/post"}],"author":[{"embeddable":true,"href":"https:\/\/elinformanteperu.com\/index.php\/wp-json\/wp\/v2\/users\/1"}],"replies":[{"embeddable":true,"href":"https:\/\/elinformanteperu.com\/index.php\/wp-json\/wp\/v2\/comments?post=102096"}],"version-history":[{"count":1,"href":"https:\/\/elinformanteperu.com\/index.php\/wp-json\/wp\/v2\/posts\/102096\/revisions"}],"predecessor-version":[{"id":102098,"href":"https:\/\/elinformanteperu.com\/index.php\/wp-json\/wp\/v2\/posts\/102096\/revisions\/102098"}],"wp:featuredmedia":[{"embeddable":true,"href":"https:\/\/elinformanteperu.com\/index.php\/wp-json\/wp\/v2\/media\/102097"}],"wp:attachment":[{"href":"https:\/\/elinformanteperu.com\/index.php\/wp-json\/wp\/v2\/media?parent=102096"}],"wp:term":[{"taxonomy":"category","embeddable":true,"href":"https:\/\/elinformanteperu.com\/index.php\/wp-json\/wp\/v2\/categories?post=102096"},{"taxonomy":"post_tag","embeddable":true,"href":"https:\/\/elinformanteperu.com\/index.php\/wp-json\/wp\/v2\/tags?post=102096"}],"curies":[{"name":"wp","href":"https:\/\/api.w.org\/{rel}","templated":true}]}}