{"id":10202,"date":"2017-05-18T20:18:25","date_gmt":"2017-05-19T01:18:25","guid":{"rendered":"http:\/\/elinformanteperu.com\/?p=10202"},"modified":"2017-05-18T20:18:25","modified_gmt":"2017-05-19T01:18:25","slug":"comienza-en-francia-edicion-70-del-festival-de-cine-de-cannes","status":"publish","type":"post","link":"https:\/\/elinformanteperu.com\/index.php\/2017\/05\/18\/comienza-en-francia-edicion-70-del-festival-de-cine-de-cannes\/","title":{"rendered":"Comienza en Francia edici\u00f3n 70 del Festival de Cine de Cannes"},"content":{"rendered":"<p><strong><span style=\"color: #000000;\">Estrellas del cine de todo el planeta volvieron a desfilar por la alfombra roja del Festival de Cine de Cannes, cuya 70 edici\u00f3n qued\u00f3 inaugurada.<\/span><\/strong><\/p>\n<p><span style=\"color: #000000;\"><strong>Par\u00eds, 18 Mayo 2017, (PL).-<\/strong> Estrellas del cine de todo el planeta volvieron a desfilar por la alfombra roja del Festival de Cine de Cannes, cuya 70 edici\u00f3n qued\u00f3 inaugurada en una ceremonia marcada por su habitual glamour y distinci\u00f3n.<\/span><\/p>\n<p><span style=\"color: #000000;\">Ataviada en un sobrio vestido negro, la multipremiada actriz italiana Monica Bellucci presidi\u00f3 la velada y declar\u00f3 abierto el evento, que desde hace siete d\u00e9cadas se celebra en esa ciudad del sur de Francia.<\/span><\/p>\n<p><span style=\"color: #000000;\">&#8216;La identidad del cine no tiene sexo, ni bandera, ni frontera&#8217;, sostuvo la anfitriona, y realiz\u00f3 un homenaje a la trayectoria de uno de los festivales cinematogr\u00e1ficos m\u00e1s renombrados del planeta.<\/span><\/p>\n<p><span style=\"color: #000000;\">Uno de los grandes momentos fue la presentaci\u00f3n del presidente del jurado, el cineasta espa\u00f1ol Pedro Almod\u00f3var, con la proyecci\u00f3n de una secuencia que recogi\u00f3 im\u00e1genes de varias de sus pel\u00edculas m\u00e1s reconocidas.<\/span><\/p>\n<p><span style=\"color: #000000;\">El realizador prometi\u00f3 que har\u00e1 su mayor esfuerzo como presidente del jurado que deber\u00e1 decidir el ganador del premio Palma de Oro, al cual aspiran un total de 19 pel\u00edculas, cuyos extractos tambi\u00e9n fueron presentados.<\/span><\/p>\n<p><span style=\"color: #000000;\">Como parte del festejo del aniversario 70, se proyectaron im\u00e1genes de ediciones precedentes acompa\u00f1adas por la melod\u00eda de la canci\u00f3n Le Cin\u00e9ma, interpretada por Louane y Benjamin Biolay.<\/span><\/p>\n<p><span style=\"color: #000000;\">Para la noche de apertura se escogi\u00f3 el filme Los fantasmas de Ismael, del realizador Arnaud Desplechin, protagonizado por Marion Cotillard, Mathieu Amalric y Charlotte Gainsbourg.<\/span><\/p>\n<p><span style=\"color: #000000;\">El largometraje cuenta la historia de un cineasta que est\u00e1 a punto de rodar una nueva pel\u00edcula, pero la reaparici\u00f3n de un amor del pasado lo lleva a cambiar de rumbo.<\/span><\/p>\n<p><span style=\"color: #000000;\">El Festival se extender\u00e1 por 12 d\u00edas hasta el 28 de junio, periodo en el cual se proyectar\u00e1n un total de 250 materiales audiovisuales, de acuerdo con el comit\u00e9 organizador.<\/span><\/p>\n<p><img fetchpriority=\"high\" decoding=\"async\" class=\"aligncenter size-full wp-image-10204\" src=\"http:\/\/elinformanteperu.com\/wp-content\/uploads\/2017\/05\/cannes-2017-inauguracion1.jpg\" alt=\"\" width=\"899\" height=\"599\" srcset=\"https:\/\/elinformanteperu.com\/wp-content\/uploads\/2017\/05\/cannes-2017-inauguracion1.jpg 899w, https:\/\/elinformanteperu.com\/wp-content\/uploads\/2017\/05\/cannes-2017-inauguracion1-300x200.jpg 300w, https:\/\/elinformanteperu.com\/wp-content\/uploads\/2017\/05\/cannes-2017-inauguracion1-768x512.jpg 768w, https:\/\/elinformanteperu.com\/wp-content\/uploads\/2017\/05\/cannes-2017-inauguracion1-128x85.jpg 128w, https:\/\/elinformanteperu.com\/wp-content\/uploads\/2017\/05\/cannes-2017-inauguracion1-32x21.jpg 32w\" sizes=\"(max-width: 899px) 100vw, 899px\" \/><\/p>\n","protected":false},"excerpt":{"rendered":"<p>Estrellas del cine de todo el planeta volvieron a desfilar por la alfombra roja del Festival de Cine de Cannes, cuya 70 edici\u00f3n qued\u00f3 inaugurada. Par\u00eds, 18 Mayo 2017, (PL).- Estrellas del cine de todo el planeta volvieron a desfilar por la alfombra roja del Festival de Cine de Cannes, cuya 70 edici\u00f3n qued\u00f3 inaugurada [&hellip;]<\/p>\n","protected":false},"author":1,"featured_media":10203,"comment_status":"open","ping_status":"open","sticky":false,"template":"","format":"standard","meta":{"rop_custom_images_group":[],"rop_custom_messages_group":[],"rop_publish_now":"initial","rop_publish_now_accounts":[],"rop_publish_now_history":[],"rop_publish_now_status":"pending","footnotes":""},"categories":[7],"tags":[1004],"class_list":["post-10202","post","type-post","status-publish","format-standard","has-post-thumbnail","hentry","category-butaca","tag-cannes-2017"],"_links":{"self":[{"href":"https:\/\/elinformanteperu.com\/index.php\/wp-json\/wp\/v2\/posts\/10202","targetHints":{"allow":["GET"]}}],"collection":[{"href":"https:\/\/elinformanteperu.com\/index.php\/wp-json\/wp\/v2\/posts"}],"about":[{"href":"https:\/\/elinformanteperu.com\/index.php\/wp-json\/wp\/v2\/types\/post"}],"author":[{"embeddable":true,"href":"https:\/\/elinformanteperu.com\/index.php\/wp-json\/wp\/v2\/users\/1"}],"replies":[{"embeddable":true,"href":"https:\/\/elinformanteperu.com\/index.php\/wp-json\/wp\/v2\/comments?post=10202"}],"version-history":[{"count":1,"href":"https:\/\/elinformanteperu.com\/index.php\/wp-json\/wp\/v2\/posts\/10202\/revisions"}],"predecessor-version":[{"id":10205,"href":"https:\/\/elinformanteperu.com\/index.php\/wp-json\/wp\/v2\/posts\/10202\/revisions\/10205"}],"wp:featuredmedia":[{"embeddable":true,"href":"https:\/\/elinformanteperu.com\/index.php\/wp-json\/wp\/v2\/media\/10203"}],"wp:attachment":[{"href":"https:\/\/elinformanteperu.com\/index.php\/wp-json\/wp\/v2\/media?parent=10202"}],"wp:term":[{"taxonomy":"category","embeddable":true,"href":"https:\/\/elinformanteperu.com\/index.php\/wp-json\/wp\/v2\/categories?post=10202"},{"taxonomy":"post_tag","embeddable":true,"href":"https:\/\/elinformanteperu.com\/index.php\/wp-json\/wp\/v2\/tags?post=10202"}],"curies":[{"name":"wp","href":"https:\/\/api.w.org\/{rel}","templated":true}]}}