{"id":101598,"date":"2021-07-06T23:57:45","date_gmt":"2021-07-07T04:57:45","guid":{"rendered":"https:\/\/elinformanteperu.com\/?p=101598"},"modified":"2021-07-06T23:57:45","modified_gmt":"2021-07-07T04:57:45","slug":"presidente-sagasti-expresa-saludo-a-los-maestros-del-bicentenario","status":"publish","type":"post","link":"https:\/\/elinformanteperu.com\/index.php\/2021\/07\/06\/presidente-sagasti-expresa-saludo-a-los-maestros-del-bicentenario\/","title":{"rendered":"Presidente Sagasti expresa saludo a los maestros del Bicentenario"},"content":{"rendered":"<p><span style=\"color: #000000;\"><strong>Lima, 06 Julio 2021, (ANDINA).-<\/strong> El presidente Francisco Sagasti expres\u00f3 su saludo, respeto y reconocimiento a los maestros del Bicentenario, en esta fecha tan significativa para el magisterio.<\/span><\/p>\n<p><span style=\"color: #000000;\">Mediante sus redes sociales, el Jefe del Estado agradeci\u00f3 a los docentes por su compromiso con el desarrollo de la educaci\u00f3n y por formar, d\u00eda a d\u00eda, a los futuros ciudadanos del Per\u00fa.<\/span><\/p>\n<p><span style=\"color: #000000;\">\u201cMi saludo, respeto y reconocimiento a los docentes del Bicentenario en esta fecha tan significativa para el magisterio. Muchas gracias por su compromiso con el desarrollo de la educaci\u00f3n y por formar, d\u00eda a d\u00eda, a los futuros ciudadanos del Per\u00fa. <strong>#D\u00edaDelMaestro<\/strong>\u201d, es el mensaje del Mandatario v\u00eda Twitter.<\/span><\/p>\n<blockquote class=\"twitter-tweet\">\n<p dir=\"ltr\" lang=\"es\">Mi saludo, respeto y reconocimiento a los <a href=\"https:\/\/twitter.com\/hashtag\/DocentesdelBicentenario?src=hash&amp;ref_src=twsrc%5Etfw\">#DocentesdelBicentenario<\/a> en esta fecha tan significativa para el magisterio. Muchas gracias por su compromiso con el desarrollo de la educaci\u00f3n y por formar, d\u00eda a d\u00eda, a los futuros ciudadanos del Per\u00fa. <a href=\"https:\/\/twitter.com\/hashtag\/D%C3%ADaDelMaestro?src=hash&amp;ref_src=twsrc%5Etfw\">#D\u00edaDelMaestro<\/a><\/p>\n<p>\u2014 Francisco Sagasti (@FSagasti) <a href=\"https:\/\/twitter.com\/FSagasti\/status\/1412394568960593933?ref_src=twsrc%5Etfw\">July 6, 2021<\/a><\/p><\/blockquote>\n<p><script async src=\"https:\/\/platform.twitter.com\/widgets.js\" charset=\"utf-8\"><\/script><\/p>\n","protected":false},"excerpt":{"rendered":"<p>Lima, 06 Julio 2021, (ANDINA).- El presidente Francisco Sagasti expres\u00f3 su saludo, respeto y reconocimiento a los maestros del Bicentenario, en esta fecha tan significativa para el magisterio. Mediante sus redes sociales, el Jefe del Estado agradeci\u00f3 a los docentes por su compromiso con el desarrollo de la educaci\u00f3n y por formar, d\u00eda a d\u00eda, [&hellip;]<\/p>\n","protected":false},"author":1,"featured_media":97005,"comment_status":"closed","ping_status":"closed","sticky":false,"template":"","format":"standard","meta":{"rop_custom_images_group":[],"rop_custom_messages_group":[],"rop_publish_now":"initial","rop_publish_now_accounts":[],"rop_publish_now_history":[],"rop_publish_now_status":"pending","footnotes":""},"categories":[5],"tags":[5919,5263],"class_list":["post-101598","post","type-post","status-publish","format-standard","has-post-thumbnail","hentry","category-actualidad-informativa","tag-dia-del-maestro","tag-francisco-sagasti"],"_links":{"self":[{"href":"https:\/\/elinformanteperu.com\/index.php\/wp-json\/wp\/v2\/posts\/101598","targetHints":{"allow":["GET"]}}],"collection":[{"href":"https:\/\/elinformanteperu.com\/index.php\/wp-json\/wp\/v2\/posts"}],"about":[{"href":"https:\/\/elinformanteperu.com\/index.php\/wp-json\/wp\/v2\/types\/post"}],"author":[{"embeddable":true,"href":"https:\/\/elinformanteperu.com\/index.php\/wp-json\/wp\/v2\/users\/1"}],"replies":[{"embeddable":true,"href":"https:\/\/elinformanteperu.com\/index.php\/wp-json\/wp\/v2\/comments?post=101598"}],"version-history":[{"count":1,"href":"https:\/\/elinformanteperu.com\/index.php\/wp-json\/wp\/v2\/posts\/101598\/revisions"}],"predecessor-version":[{"id":101599,"href":"https:\/\/elinformanteperu.com\/index.php\/wp-json\/wp\/v2\/posts\/101598\/revisions\/101599"}],"wp:featuredmedia":[{"embeddable":true,"href":"https:\/\/elinformanteperu.com\/index.php\/wp-json\/wp\/v2\/media\/97005"}],"wp:attachment":[{"href":"https:\/\/elinformanteperu.com\/index.php\/wp-json\/wp\/v2\/media?parent=101598"}],"wp:term":[{"taxonomy":"category","embeddable":true,"href":"https:\/\/elinformanteperu.com\/index.php\/wp-json\/wp\/v2\/categories?post=101598"},{"taxonomy":"post_tag","embeddable":true,"href":"https:\/\/elinformanteperu.com\/index.php\/wp-json\/wp\/v2\/tags?post=101598"}],"curies":[{"name":"wp","href":"https:\/\/api.w.org\/{rel}","templated":true}]}}