{"id":101596,"date":"2021-07-06T23:39:54","date_gmt":"2021-07-07T04:39:54","guid":{"rendered":"https:\/\/elinformanteperu.com\/?p=101596"},"modified":"2021-07-06T23:39:54","modified_gmt":"2021-07-07T04:39:54","slug":"jefa-del-gabinete-nuevo-gobierno-estara-mejor-equipado-para-luchar-contra-la-pandemia","status":"publish","type":"post","link":"https:\/\/elinformanteperu.com\/index.php\/2021\/07\/06\/jefa-del-gabinete-nuevo-gobierno-estara-mejor-equipado-para-luchar-contra-la-pandemia\/","title":{"rendered":"Jefa del Gabinete: nuevo gobierno estar\u00e1 mejor equipado para luchar contra la pandemia"},"content":{"rendered":"<p><span style=\"color: #000000;\"><strong>Lima, 06 Julio 2021, (ANDINA).-<\/strong> La jefa del Gabinete Ministerial, Violeta Berm\u00fadez, consider\u00f3 que el nuevo gobierno, que inicie su gesti\u00f3n el pr\u00f3ximo 28 de julio, estar\u00e1 mejor equipado para enfrentar a la pandemia del covid-19, debido a las inversiones que se han hecho para este objetivo.<\/span><\/p>\n<p><span style=\"color: #000000;\">En entrevista con RPP manifest\u00f3 que a la fecha tenemos m\u00e1s de 250 plantas de ox\u00edgeno y se est\u00e1n comprando ocho plantas criog\u00e9nicas, adem\u00e1s de balones para poder distribuir este importante recurso como es el ox\u00edgeno.<\/span><\/p>\n<p><span style=\"color: #000000;\">\u201cEl nuevo gobierno va a estar mejor equipado, porque se tom\u00f3 la decisi\u00f3n de no escatimar la inversi\u00f3n en salud para enfrentar a la pandemia\u201d, recalc\u00f3 la titular de la Presidencia del Consejo de Ministros.<\/span><\/p>\n<p><span style=\"color: #000000;\">Berm\u00fadez sostuvo que se dejar\u00e1 todo organizado, con las brigadas de vacunaci\u00f3n implementadas, y destac\u00f3 que el actual proceso de vacunaci\u00f3n se hace de la mano con los gobiernos municipales.<\/span><\/p>\n<p><span style=\"color: #000000;\">En otro momento recalc\u00f3 que una misi\u00f3n del Gobierno de transici\u00f3n y emergencia era apoyar a los \u00f3rganos electorales aut\u00f3nomos a que desarrollen un proceso electoral en \u00f3ptimas condiciones, por eso se les dieron los recursos necesarios, pero aclar\u00f3 que no se intervino de ninguna forma.<\/span><\/p>\n<p><span style=\"color: #000000;\">Por otro lado, manifest\u00f3 que ya est\u00e1n conformados los equipos de transferencia, proceso que se dar\u00e1 luego de la proclamaci\u00f3n de la persona que haya ganado las elecciones en el pa\u00eds.<\/span><\/p>\n","protected":false},"excerpt":{"rendered":"<p>Lima, 06 Julio 2021, (ANDINA).- La jefa del Gabinete Ministerial, Violeta Berm\u00fadez, consider\u00f3 que el nuevo gobierno, que inicie su gesti\u00f3n el pr\u00f3ximo 28 de julio, estar\u00e1 mejor equipado para enfrentar a la pandemia del covid-19, debido a las inversiones que se han hecho para este objetivo. En entrevista con RPP manifest\u00f3 que a la [&hellip;]<\/p>\n","protected":false},"author":1,"featured_media":101208,"comment_status":"closed","ping_status":"closed","sticky":false,"template":"","format":"standard","meta":{"rop_custom_images_group":[],"rop_custom_messages_group":[],"rop_publish_now":"initial","rop_publish_now_accounts":[],"rop_publish_now_history":[],"rop_publish_now_status":"pending","footnotes":""},"categories":[5],"tags":[2317,5939,6226],"class_list":["post-101596","post","type-post","status-publish","format-standard","has-post-thumbnail","hentry","category-actualidad-informativa","tag-presidencia-del-consejo-de-ministros","tag-vacunacion","tag-violeta-bermudez"],"_links":{"self":[{"href":"https:\/\/elinformanteperu.com\/index.php\/wp-json\/wp\/v2\/posts\/101596","targetHints":{"allow":["GET"]}}],"collection":[{"href":"https:\/\/elinformanteperu.com\/index.php\/wp-json\/wp\/v2\/posts"}],"about":[{"href":"https:\/\/elinformanteperu.com\/index.php\/wp-json\/wp\/v2\/types\/post"}],"author":[{"embeddable":true,"href":"https:\/\/elinformanteperu.com\/index.php\/wp-json\/wp\/v2\/users\/1"}],"replies":[{"embeddable":true,"href":"https:\/\/elinformanteperu.com\/index.php\/wp-json\/wp\/v2\/comments?post=101596"}],"version-history":[{"count":1,"href":"https:\/\/elinformanteperu.com\/index.php\/wp-json\/wp\/v2\/posts\/101596\/revisions"}],"predecessor-version":[{"id":101597,"href":"https:\/\/elinformanteperu.com\/index.php\/wp-json\/wp\/v2\/posts\/101596\/revisions\/101597"}],"wp:featuredmedia":[{"embeddable":true,"href":"https:\/\/elinformanteperu.com\/index.php\/wp-json\/wp\/v2\/media\/101208"}],"wp:attachment":[{"href":"https:\/\/elinformanteperu.com\/index.php\/wp-json\/wp\/v2\/media?parent=101596"}],"wp:term":[{"taxonomy":"category","embeddable":true,"href":"https:\/\/elinformanteperu.com\/index.php\/wp-json\/wp\/v2\/categories?post=101596"},{"taxonomy":"post_tag","embeddable":true,"href":"https:\/\/elinformanteperu.com\/index.php\/wp-json\/wp\/v2\/tags?post=101596"}],"curies":[{"name":"wp","href":"https:\/\/api.w.org\/{rel}","templated":true}]}}