{"id":101515,"date":"2021-07-05T21:48:58","date_gmt":"2021-07-06T02:48:58","guid":{"rendered":"https:\/\/elinformanteperu.com\/?p=101515"},"modified":"2021-07-05T21:51:24","modified_gmt":"2021-07-06T02:51:24","slug":"murio-la-gran-e-iconica-raffaella-carra-a-los-78-anos","status":"publish","type":"post","link":"https:\/\/elinformanteperu.com\/index.php\/2021\/07\/05\/murio-la-gran-e-iconica-raffaella-carra-a-los-78-anos\/","title":{"rendered":"Muri\u00f3 la gran e ic\u00f3nica Raffaella Carr\u00e0 a los 78 a\u00f1os"},"content":{"rendered":"<p><span style=\"color: #000000;\"><strong>Lima, 05 Julio 2021, (ANDINA).-<\/strong> La artista italiana Raffaella Carr\u00e0 parti\u00f3 de este mundo dejando a toda una generaci\u00f3n que bail\u00f3 y vibr\u00f3 con sus canciones sumidos entre la sorpresa y el pesar por su partida.<\/span><\/p>\n<p><span style=\"color: #000000;\">Aunque ya no realizaba giras musicales alrededor del mundo como fue siempre su costumbre, la estrella mundial de la televisi\u00f3n y la m\u00fasica desarrollaba participaciones en diversos programas del pa\u00eds de la bota.<\/span><\/p>\n<p><span style=\"color: #000000;\">En sus \u00faltimas entrevistas asegur\u00f3 que se sent\u00eda satisfecha de lo alcanzado y desarrollado en su carrera y que por ello siempre se manten\u00eda vigente; aunque Hollywood nunca le rob\u00f3 el sue\u00f1o.<\/span><\/p>\n<p><span style=\"color: #000000;\">Ella es autora de emblem\u00e1ticos temas como \u00abCaliente\u00bb, \u00abExplota, explota\u00bb, \u00abHay que venir al sur\u00bb, \u00abLucas\u00bb, \u00abPedro\u00bb, Tuca tuca\u00bb, \u00abFiesta\u00bb, \u00abYo no s\u00e9 vivir sin ti\u00bb, \u00abEn el amor todo es empezar\u00bb, \u00abHay que venir al sur\u00bb, entre otros.<\/span><\/p>\n<p><a href=\"https:\/\/elinformanteperu.com\/wp-content\/uploads\/2021\/07\/Raffaella-Carra1.jpg\"><img fetchpriority=\"high\" decoding=\"async\" class=\"alignnone size-full wp-image-101517\" src=\"https:\/\/elinformanteperu.com\/wp-content\/uploads\/2021\/07\/Raffaella-Carra1.jpg\" alt=\"\" width=\"1800\" height=\"1198\" srcset=\"https:\/\/elinformanteperu.com\/wp-content\/uploads\/2021\/07\/Raffaella-Carra1.jpg 1800w, https:\/\/elinformanteperu.com\/wp-content\/uploads\/2021\/07\/Raffaella-Carra1-300x200.jpg 300w, https:\/\/elinformanteperu.com\/wp-content\/uploads\/2021\/07\/Raffaella-Carra1-1024x682.jpg 1024w, https:\/\/elinformanteperu.com\/wp-content\/uploads\/2021\/07\/Raffaella-Carra1-768x511.jpg 768w, https:\/\/elinformanteperu.com\/wp-content\/uploads\/2021\/07\/Raffaella-Carra1-1536x1022.jpg 1536w\" sizes=\"(max-width: 1800px) 100vw, 1800px\" \/><\/a><\/p>\n<p><span style=\"color: #000000;\">Fue su compa\u00f1ero Sergio Japino, quien dio a conocer a los medios internacionales la noticia destacando la humildad y la risa como rasgo caracter\u00edstico de la artista italiana.<\/span><\/p>\n<p><span style=\"color: #000000;\">A Raffaella Carr\u00e0 la aquejaba, desde hace alg\u00fan tiempo, una delicada enfermedad que finalmente se la llev\u00f3 el d\u00eda de hoy.<\/span><\/p>\n<p><span style=\"color: #000000;\">Como siempre se mantuvo en su vida, la artista no dej\u00f3 que trascendiera su sufrimiento ni los dolores que la aquejaron en esta etapa con el \u00fanico objetivo que sus seguidores la recordar\u00e1n como la estrella luminosa que se vio siempre sobre los escenarios.<\/span><\/p>\n<p><iframe title=\"YouTube video player\" src=\"https:\/\/www.youtube-nocookie.com\/embed\/gLCZMtu-e3Y?controls=0\" width=\"520\" height=\"315\" frameborder=\"0\" allowfullscreen=\"allowfullscreen\"><\/iframe><\/p>\n","protected":false},"excerpt":{"rendered":"<p>Lima, 05 Julio 2021, (ANDINA).- La artista italiana Raffaella Carr\u00e0 parti\u00f3 de este mundo dejando a toda una generaci\u00f3n que bail\u00f3 y vibr\u00f3 con sus canciones sumidos entre la sorpresa y el pesar por su partida. Aunque ya no realizaba giras musicales alrededor del mundo como fue siempre su costumbre, la estrella mundial de la [&hellip;]<\/p>\n","protected":false},"author":1,"featured_media":101516,"comment_status":"closed","ping_status":"closed","sticky":false,"template":"","format":"standard","meta":{"rop_custom_images_group":[],"rop_custom_messages_group":[],"rop_publish_now":"initial","rop_publish_now_accounts":[],"rop_publish_now_history":[],"rop_publish_now_status":"pending","footnotes":""},"categories":[70,69],"tags":[537],"class_list":["post-101515","post","type-post","status-publish","format-standard","has-post-thumbnail","hentry","category-farandula","category-musica","tag-raffaella-carra"],"_links":{"self":[{"href":"https:\/\/elinformanteperu.com\/index.php\/wp-json\/wp\/v2\/posts\/101515","targetHints":{"allow":["GET"]}}],"collection":[{"href":"https:\/\/elinformanteperu.com\/index.php\/wp-json\/wp\/v2\/posts"}],"about":[{"href":"https:\/\/elinformanteperu.com\/index.php\/wp-json\/wp\/v2\/types\/post"}],"author":[{"embeddable":true,"href":"https:\/\/elinformanteperu.com\/index.php\/wp-json\/wp\/v2\/users\/1"}],"replies":[{"embeddable":true,"href":"https:\/\/elinformanteperu.com\/index.php\/wp-json\/wp\/v2\/comments?post=101515"}],"version-history":[{"count":2,"href":"https:\/\/elinformanteperu.com\/index.php\/wp-json\/wp\/v2\/posts\/101515\/revisions"}],"predecessor-version":[{"id":101519,"href":"https:\/\/elinformanteperu.com\/index.php\/wp-json\/wp\/v2\/posts\/101515\/revisions\/101519"}],"wp:featuredmedia":[{"embeddable":true,"href":"https:\/\/elinformanteperu.com\/index.php\/wp-json\/wp\/v2\/media\/101516"}],"wp:attachment":[{"href":"https:\/\/elinformanteperu.com\/index.php\/wp-json\/wp\/v2\/media?parent=101515"}],"wp:term":[{"taxonomy":"category","embeddable":true,"href":"https:\/\/elinformanteperu.com\/index.php\/wp-json\/wp\/v2\/categories?post=101515"},{"taxonomy":"post_tag","embeddable":true,"href":"https:\/\/elinformanteperu.com\/index.php\/wp-json\/wp\/v2\/tags?post=101515"}],"curies":[{"name":"wp","href":"https:\/\/api.w.org\/{rel}","templated":true}]}}