{"id":101363,"date":"2021-07-01T00:53:46","date_gmt":"2021-07-01T05:53:46","guid":{"rendered":"https:\/\/elinformanteperu.com\/?p=101363"},"modified":"2021-07-01T22:45:29","modified_gmt":"2021-07-02T03:45:29","slug":"jefa-del-gabinete-iniciamos-un-proceso-de-transferencia-de-cara-a-la-ciudadania","status":"publish","type":"post","link":"https:\/\/elinformanteperu.com\/index.php\/2021\/07\/01\/jefa-del-gabinete-iniciamos-un-proceso-de-transferencia-de-cara-a-la-ciudadania\/","title":{"rendered":"Jefa del Gabinete: iniciamos un proceso de transferencia de cara a la ciudadan\u00eda"},"content":{"rendered":"<p><span style=\"color: #000000;\"><strong>Lima, 30 Junio 2021, (ANDINA).-<\/strong> La jefa del Gabinete Ministerial, Violeta Berm\u00fadez, afirm\u00f3 que el Gobierno inicio un proceso de transferencia de cara a la ciudadan\u00eda a trav\u00e9s de las conferencias de prensa sobre cada uno de los ministerios, donde inst\u00f3 a la poblaci\u00f3n a participar a por medio de los medios de comunicaci\u00f3n y redes sociales.<\/span><\/p>\n<p><span style=\"color: #000000;\">Durante un encuentro con la prensa en Palacio de Gobierno, indic\u00f3 que est\u00e1n a 28 d\u00edas del cambio de la gesti\u00f3n gubernamental y que se est\u00e1 trabajando intensamente en este proceso.<\/span><\/p>\n<p><span style=\"color: #000000;\">\u00abAdem\u00e1s de hacer la transferencia seg\u00fan las normas que nos indica la Contralor\u00eda, hemos iniciado un proceso de transferencia de la gesti\u00f3n gubernamental de cara a la ciudadan\u00eda, nosotros venimos los lunes y viernes a las 17:00 horas y gracias al apoyo de todos ustedes venimos transmitiendo c\u00f3mo recibimos cada sector, cada ministerio y qu\u00e9 hemos hecho durante estos siete meses y qu\u00e9 vamos a hacer hasta cerrar el ciclo de gesti\u00f3n\u00bb, se\u00f1al\u00f3.<\/span><\/p>\n<p><span style=\"color: #000000;\">En ese sentido, invit\u00f3 a la poblaci\u00f3n a seguir estas conferencias por los diversos medios de comunicaci\u00f3n, porque se hace necesaria la participaci\u00f3n de la ciudadan\u00eda, adem\u00e1s de permitir que periodistas de Lima y de los diferentes departamentos del pa\u00eds tambi\u00e9n puedan realizar sus preguntas.<\/span><\/p>\n<p><span style=\"color: #000000;\">\u00abLa idea es llegar con la informaci\u00f3n a un mayor n\u00famero de ciudadanos\u00bb, a\u00f1adi\u00f3.<\/span><\/p>\n<p><strong><span style=\"color: #000000;\">Asesor\u00eda jur\u00eddica<\/span><\/strong><\/p>\n<p><span style=\"color: #000000;\">Sobre la carta enviada por la candidata de Fuerza Popular, Keiko Fujimori, solicit\u00e1ndole al presidente de la Rep\u00fablica, Francisco Sagasti, la realizaci\u00f3n de una auditor\u00eda internacional a las elecciones de segunda vuelta, dijo que est\u00e1 viene siendo analizada jur\u00eddicamente.<\/span><\/p>\n<p><span style=\"color: #000000;\">\u00abEn relaci\u00f3n a la solicitud remitida por la se\u00f1ora (Keiko) Fujimori, esta se encuentra en evaluaci\u00f3n por nuestra asesor\u00eda jur\u00eddica y en los pr\u00f3ximos d\u00edas estaremos dando respuesta\u00bb, refiri\u00f3.<\/span><\/p>\n<p><span style=\"color: #000000;\">En cuanto a las llamadas realizadas por el Vladimiro Montesinos desde el Centro de Reclusi\u00f3n de M\u00e1xima Seguridad (Cerec), ubicado en la Base Naval del Callao, sostuvo que la fiscal\u00eda viene investigando estos hechos, ello luego de relevar al director de dicho reclusorio, as\u00ed como al personal de la Marina de Guerra encargados.<\/span><\/p>\n<p><span style=\"color: #000000;\">\u00abAdicionalmente, se ha dispuesto solicitar a la compa\u00f1\u00eda de tel\u00e9fonos correspondiente el listado de todas las llamadas de entrada y de salida al n\u00famero fijo asignado por el Cerec, tanto como identificaci\u00f3n de destinatarios y la duraci\u00f3n de las llamadas\u00bb, refiri\u00f3.<\/span><\/p>\n<p><span style=\"color: #000000;\">Berm\u00fadez asegur\u00f3 que con esta informaci\u00f3n se contribuir\u00e1 a mejorar la investigaciones y al fortalecimiento de los protocolos para evitar, en el futuro, este tipo de hechos.<\/span><\/p>\n","protected":false},"excerpt":{"rendered":"<p>Lima, 30 Junio 2021, (ANDINA).- La jefa del Gabinete Ministerial, Violeta Berm\u00fadez, afirm\u00f3 que el Gobierno inicio un proceso de transferencia de cara a la ciudadan\u00eda a trav\u00e9s de las conferencias de prensa sobre cada uno de los ministerios, donde inst\u00f3 a la poblaci\u00f3n a participar a por medio de los medios de comunicaci\u00f3n y [&hellip;]<\/p>\n","protected":false},"author":1,"featured_media":101364,"comment_status":"closed","ping_status":"closed","sticky":false,"template":"","format":"standard","meta":{"rop_custom_images_group":[],"rop_custom_messages_group":[],"rop_publish_now":"initial","rop_publish_now_accounts":[],"rop_publish_now_history":[],"rop_publish_now_status":"pending","footnotes":""},"categories":[5],"tags":[189,2317,6226],"class_list":["post-101363","post","type-post","status-publish","format-standard","has-post-thumbnail","hentry","category-actualidad-informativa","tag-pcm","tag-presidencia-del-consejo-de-ministros","tag-violeta-bermudez"],"_links":{"self":[{"href":"https:\/\/elinformanteperu.com\/index.php\/wp-json\/wp\/v2\/posts\/101363","targetHints":{"allow":["GET"]}}],"collection":[{"href":"https:\/\/elinformanteperu.com\/index.php\/wp-json\/wp\/v2\/posts"}],"about":[{"href":"https:\/\/elinformanteperu.com\/index.php\/wp-json\/wp\/v2\/types\/post"}],"author":[{"embeddable":true,"href":"https:\/\/elinformanteperu.com\/index.php\/wp-json\/wp\/v2\/users\/1"}],"replies":[{"embeddable":true,"href":"https:\/\/elinformanteperu.com\/index.php\/wp-json\/wp\/v2\/comments?post=101363"}],"version-history":[{"count":1,"href":"https:\/\/elinformanteperu.com\/index.php\/wp-json\/wp\/v2\/posts\/101363\/revisions"}],"predecessor-version":[{"id":101365,"href":"https:\/\/elinformanteperu.com\/index.php\/wp-json\/wp\/v2\/posts\/101363\/revisions\/101365"}],"wp:featuredmedia":[{"embeddable":true,"href":"https:\/\/elinformanteperu.com\/index.php\/wp-json\/wp\/v2\/media\/101364"}],"wp:attachment":[{"href":"https:\/\/elinformanteperu.com\/index.php\/wp-json\/wp\/v2\/media?parent=101363"}],"wp:term":[{"taxonomy":"category","embeddable":true,"href":"https:\/\/elinformanteperu.com\/index.php\/wp-json\/wp\/v2\/categories?post=101363"},{"taxonomy":"post_tag","embeddable":true,"href":"https:\/\/elinformanteperu.com\/index.php\/wp-json\/wp\/v2\/tags?post=101363"}],"curies":[{"name":"wp","href":"https:\/\/api.w.org\/{rel}","templated":true}]}}