{"id":101360,"date":"2021-07-01T00:50:28","date_gmt":"2021-07-01T05:50:28","guid":{"rendered":"https:\/\/elinformanteperu.com\/?p=101360"},"modified":"2021-07-01T00:50:28","modified_gmt":"2021-07-01T05:50:28","slug":"congreso-pleno-aprueba-ley-que-prioriza-esterilizacion-de-perros-y-gatos","status":"publish","type":"post","link":"https:\/\/elinformanteperu.com\/index.php\/2021\/07\/01\/congreso-pleno-aprueba-ley-que-prioriza-esterilizacion-de-perros-y-gatos\/","title":{"rendered":"Congreso: pleno aprueba ley que prioriza esterilizaci\u00f3n de perros y gatos"},"content":{"rendered":"<p><span style=\"color: #000000;\"><strong>Lima, 30 Junio 2021, (ANDINA).-<\/strong> El pleno del Congreso aprob\u00f3 la ley que prioriza la esterilizaci\u00f3n de los perros y gatos, con la finalidad de garantizar la integridad y salud de las personas, a trav\u00e9s de programas destinados a este fin y estableci\u00e9ndose como una pol\u00edtica nacional de salud p\u00fablica.<\/span><\/p>\n<p><span style=\"color: #000000;\">La representaci\u00f3n nacional apoy\u00f3 esta iniciativa con 97 votos a favor, uno en contra y tres abstenciones. Posteriormente, por 98 votos a favor, uno en contra y cuatro abstenciones, se exoner\u00f3 de la segunda votaci\u00f3n.<\/span><\/p>\n<p><span style=\"color: #000000;\">El proyecto de ley aprobado, plantea en su art\u00edculo 2 declarara de inter\u00e9s p\u00fablico y necesidad nacional \u00abla promoci\u00f3n de la esterilizaci\u00f3n de perros y gatos, incorpor\u00e1ndola como componente de la pol\u00edtica nacional de salud p\u00fablica que elabora el Ministerio de Salud\u00bb.<\/span><\/p>\n<p><span style=\"color: #000000;\">\u00ab(&#8230;) Que desarrolla mediante programas, estrategias, lineamientos y normas t\u00e9cnicas que vinculan a los gobiernos regionales y locales, en coordinaci\u00f3n con las diferentes policitas sectoriales y aquellas relacionadas al derecho a vivir en un ambiente saludable\u00bb, refiere.<\/span><\/p>\n<p><span style=\"color: #000000;\">En cuanto a su \u00e1mbito de aplicaci\u00f3n, en su art\u00edculo 3, precisa que \u00abvincula a todas las entidades publicas y privadas, personas naturales y jur\u00eddicas en el territorio peruano\u00bb.<\/span><\/p>\n<p><span style=\"color: #000000;\">\u00abLa esterilizaci\u00f3n como componente de la pol\u00edtica de salud publica alcanza a todos los perros y gatos con due\u00f1os o tenedor, comunitarios, sin hogar o ferales (que han carecido de contacto humano)\u00bb, agrega.<\/span><\/p>\n<p><span style=\"color: #000000;\">En la exposici\u00f3n del proyecto, el presidente de la Comisi\u00f3n de Pueblos Originarios, Lenin Baz\u00e1n, precis\u00f3 que con esta norma las campa\u00f1as destinadas a este fin se podr\u00e1n realizar a trav\u00e9s de las veterinarias municipales y cl\u00ednicas privadas, quienes pueden hacer convenios con los gobiernos regionales y las municipalidades.<\/span><\/p>\n<p><span style=\"color: #000000;\">\u00abPara que se puedan hacer estas operaciones a precio de costo y sin lucrar, sufragando los gastos de insumos y medicamentos que se usar\u00e1n\u00bb, refiri\u00f3.<\/span><\/p>\n<p><span style=\"color: #000000;\">En ese sentido, coment\u00f3 que se modificaron los art\u00edculos 7, 27 y 29 de la ley 30407, Ley de Protecci\u00f3n y Bienestar Animal; as\u00ed como el art\u00edculo 15 de la Ley 27596, Ley que Regula el R\u00e9gimen Jur\u00eddico de Canes.<\/span><\/p>\n<p><span style=\"color: #000000;\">Baz\u00e1n agreg\u00f3 que esta iniciativa recibi\u00f3 opiniones favorables del Ministerio de Educaci\u00f3n, Indecopi, as\u00ed como de las Municipalidades de Lima y Punta Hermosa, entre otras instituciones dedicadas a la protecci\u00f3n animal.<\/span><\/p>\n","protected":false},"excerpt":{"rendered":"<p>Lima, 30 Junio 2021, (ANDINA).- El pleno del Congreso aprob\u00f3 la ley que prioriza la esterilizaci\u00f3n de los perros y gatos, con la finalidad de garantizar la integridad y salud de las personas, a trav\u00e9s de programas destinados a este fin y estableci\u00e9ndose como una pol\u00edtica nacional de salud p\u00fablica. La representaci\u00f3n nacional apoy\u00f3 esta [&hellip;]<\/p>\n","protected":false},"author":1,"featured_media":101361,"comment_status":"closed","ping_status":"closed","sticky":false,"template":"","format":"standard","meta":{"rop_custom_images_group":[],"rop_custom_messages_group":[],"rop_publish_now":"initial","rop_publish_now_accounts":[],"rop_publish_now_history":[],"rop_publish_now_status":"pending","footnotes":""},"categories":[5,5745],"tags":[192,5815,1263],"class_list":["post-101360","post","type-post","status-publish","format-standard","has-post-thumbnail","hentry","category-actualidad-informativa","category-lo-ultimo","tag-congreso","tag-dia-del-perro-peruano","tag-mascotas"],"_links":{"self":[{"href":"https:\/\/elinformanteperu.com\/index.php\/wp-json\/wp\/v2\/posts\/101360","targetHints":{"allow":["GET"]}}],"collection":[{"href":"https:\/\/elinformanteperu.com\/index.php\/wp-json\/wp\/v2\/posts"}],"about":[{"href":"https:\/\/elinformanteperu.com\/index.php\/wp-json\/wp\/v2\/types\/post"}],"author":[{"embeddable":true,"href":"https:\/\/elinformanteperu.com\/index.php\/wp-json\/wp\/v2\/users\/1"}],"replies":[{"embeddable":true,"href":"https:\/\/elinformanteperu.com\/index.php\/wp-json\/wp\/v2\/comments?post=101360"}],"version-history":[{"count":1,"href":"https:\/\/elinformanteperu.com\/index.php\/wp-json\/wp\/v2\/posts\/101360\/revisions"}],"predecessor-version":[{"id":101362,"href":"https:\/\/elinformanteperu.com\/index.php\/wp-json\/wp\/v2\/posts\/101360\/revisions\/101362"}],"wp:featuredmedia":[{"embeddable":true,"href":"https:\/\/elinformanteperu.com\/index.php\/wp-json\/wp\/v2\/media\/101361"}],"wp:attachment":[{"href":"https:\/\/elinformanteperu.com\/index.php\/wp-json\/wp\/v2\/media?parent=101360"}],"wp:term":[{"taxonomy":"category","embeddable":true,"href":"https:\/\/elinformanteperu.com\/index.php\/wp-json\/wp\/v2\/categories?post=101360"},{"taxonomy":"post_tag","embeddable":true,"href":"https:\/\/elinformanteperu.com\/index.php\/wp-json\/wp\/v2\/tags?post=101360"}],"curies":[{"name":"wp","href":"https:\/\/api.w.org\/{rel}","templated":true}]}}