{"id":101357,"date":"2021-07-01T00:47:09","date_gmt":"2021-07-01T05:47:09","guid":{"rendered":"https:\/\/elinformanteperu.com\/?p=101357"},"modified":"2021-07-01T00:47:09","modified_gmt":"2021-07-01T05:47:09","slug":"pedro-castillo-se-reunio-hoy-con-rectora-electa-de-san-marcos","status":"publish","type":"post","link":"https:\/\/elinformanteperu.com\/index.php\/2021\/07\/01\/pedro-castillo-se-reunio-hoy-con-rectora-electa-de-san-marcos\/","title":{"rendered":"Pedro Castillo se reuni\u00f3 hoy con rectora electa de San Marcos"},"content":{"rendered":"<p><span style=\"color: #000000;\"><strong>Lima, 30 Junio 2021, (ANDINA).-<\/strong> El candidato presidencial de Per\u00fa Libre, Pedro Castillo, se reuni\u00f3 con la rectora electa de la Universidad Nacional Mayor de San Marcos, Jeri Ram\u00f3n Ruffner<\/span><\/p>\n<p><span style=\"color: #000000;\">En ese encuentro, Castillo dialog\u00f3 sobre la necesidad de descentralizar las universidades nacionales para favorecer a los j\u00f3venes de escasos recursos en el pa\u00eds.<\/span><\/p>\n<p><span style=\"color: #000000;\">Precisamente, dicha propuesta fue expuesta por el candidato durante toda su campa\u00f1a electoral de segunda vuelta.<\/span><\/p>\n<p><span style=\"color: #000000;\">La contadora Jeri Ram\u00f3n Ruffner, candidata del movimiento Siempre San Marcos, gan\u00f3 las elecciones de la Universidad Nacional Mayor de San Marcos (UNMSM) y ser\u00e1 la primera rectora en la historia de esta centenaria casa de estudios.<\/span><\/p>\n<p><span style=\"color: #000000;\">D\u00edas atr\u00e1s, la rectora electa de la Universidad Nacional Mayor de San Marcos, asegur\u00f3 que dicha casa superior de estudios quiere convertirse en un referente y en una instituci\u00f3n que aporta a los cambios y a la soluci\u00f3n de los grandes problemas del pa\u00eds.<\/span><\/p>\n","protected":false},"excerpt":{"rendered":"<p>Lima, 30 Junio 2021, (ANDINA).- El candidato presidencial de Per\u00fa Libre, Pedro Castillo, se reuni\u00f3 con la rectora electa de la Universidad Nacional Mayor de San Marcos, Jeri Ram\u00f3n Ruffner En ese encuentro, Castillo dialog\u00f3 sobre la necesidad de descentralizar las universidades nacionales para favorecer a los j\u00f3venes de escasos recursos en el pa\u00eds. Precisamente, [&hellip;]<\/p>\n","protected":false},"author":1,"featured_media":101358,"comment_status":"closed","ping_status":"closed","sticky":false,"template":"","format":"standard","meta":{"rop_custom_images_group":[],"rop_custom_messages_group":[],"rop_publish_now":"initial","rop_publish_now_accounts":[],"rop_publish_now_history":[],"rop_publish_now_status":"pending","footnotes":""},"categories":[5],"tags":[2092,2407,2553],"class_list":["post-101357","post","type-post","status-publish","format-standard","has-post-thumbnail","hentry","category-actualidad-informativa","tag-pedro-castillo","tag-universidad-nacional-mayor-de-san-marcos","tag-unmsm"],"_links":{"self":[{"href":"https:\/\/elinformanteperu.com\/index.php\/wp-json\/wp\/v2\/posts\/101357","targetHints":{"allow":["GET"]}}],"collection":[{"href":"https:\/\/elinformanteperu.com\/index.php\/wp-json\/wp\/v2\/posts"}],"about":[{"href":"https:\/\/elinformanteperu.com\/index.php\/wp-json\/wp\/v2\/types\/post"}],"author":[{"embeddable":true,"href":"https:\/\/elinformanteperu.com\/index.php\/wp-json\/wp\/v2\/users\/1"}],"replies":[{"embeddable":true,"href":"https:\/\/elinformanteperu.com\/index.php\/wp-json\/wp\/v2\/comments?post=101357"}],"version-history":[{"count":1,"href":"https:\/\/elinformanteperu.com\/index.php\/wp-json\/wp\/v2\/posts\/101357\/revisions"}],"predecessor-version":[{"id":101359,"href":"https:\/\/elinformanteperu.com\/index.php\/wp-json\/wp\/v2\/posts\/101357\/revisions\/101359"}],"wp:featuredmedia":[{"embeddable":true,"href":"https:\/\/elinformanteperu.com\/index.php\/wp-json\/wp\/v2\/media\/101358"}],"wp:attachment":[{"href":"https:\/\/elinformanteperu.com\/index.php\/wp-json\/wp\/v2\/media?parent=101357"}],"wp:term":[{"taxonomy":"category","embeddable":true,"href":"https:\/\/elinformanteperu.com\/index.php\/wp-json\/wp\/v2\/categories?post=101357"},{"taxonomy":"post_tag","embeddable":true,"href":"https:\/\/elinformanteperu.com\/index.php\/wp-json\/wp\/v2\/tags?post=101357"}],"curies":[{"name":"wp","href":"https:\/\/api.w.org\/{rel}","templated":true}]}}