{"id":101326,"date":"2021-07-01T00:02:18","date_gmt":"2021-07-01T05:02:18","guid":{"rendered":"https:\/\/elinformanteperu.com\/?p=101326"},"modified":"2021-07-01T00:02:18","modified_gmt":"2021-07-01T05:02:18","slug":"minsa-dejara-300-plantas-de-oxigeno-en-funcionamiento-ante-eventual-tercera-ola","status":"publish","type":"post","link":"https:\/\/elinformanteperu.com\/index.php\/2021\/07\/01\/minsa-dejara-300-plantas-de-oxigeno-en-funcionamiento-ante-eventual-tercera-ola\/","title":{"rendered":"Minsa dejar\u00e1 300 plantas de ox\u00edgeno en funcionamiento ante eventual tercera ola"},"content":{"rendered":"<p><strong><span style=\"color: #000000;\">Al inicio de la pandemia de la covid-19 solo hab\u00eda de ocho a nueve, se\u00f1ala el ministro \u00d3scar Ugarte<\/span><\/strong><\/p>\n<p><span style=\"color: #000000;\"><strong>Lima, 30 Junio 2021, (ANDINA).-<\/strong> El Gobierno de transici\u00f3n y emergencia dejar\u00e1 en funcionamiento 300 plantas de ox\u00edgeno medicinal como parte de las acciones de previsi\u00f3n ante una eventual tercera ola de la covid-19, afirm\u00f3 hoy el ministro de Salud, \u00d3scar Ugarte, tras recordar que al inicio de la pandemia hab\u00eda de ocho a nueve.<\/span><\/p>\n<p><span style=\"color: #000000;\">Aunque el pa\u00eds se encuentra \u00aben un descenso notorio de la segunda ola, en previsi\u00f3n de que pueda haber una tercera ola es necesario, no bajar la guardia, que significa seguir ampliando las camas UCI, fortaleciendo la capacidad de ox\u00edgeno y comprando plantas,\u00bb indic\u00f3.<\/span><\/p>\n<p><span style=\"color: #000000;\">\u00abLa meta es dejar 300 plantas funcionando, lo que al inicio de la pandemia eran solo ocho a nueve, para enfrentar una eventual tercera ola\u00bb, asever\u00f3, al expresar que el virus que provoca la covid-19, variante delta, est\u00e1 circulando en el pa\u00eds.<\/span><\/p>\n<p><span style=\"color: #000000;\">Ugarte se\u00f1al\u00f3 que en la regi\u00f3n Arequipa se sigue el rastro para saber si hay m\u00e1s casos de pacientes covid-19, con la variante delta (conocida como india); hasta el momento se han confirmado tres.<\/span><\/p>\n<p><span style=\"color: #000000;\">Se hace lo propio en Lima, debido a que se ha confirmado un caso en el distrito de Comas. \u00abEstamos siguiendo el rastro y estamos casi convencidos, aunque todav\u00eda no se ha comprobado, de que aparecer\u00e1n casos adicionales como parte del contagio de esta persona que fue detectada\u00bb, se\u00f1al\u00f3.<\/span><\/p>\n<p><strong><span style=\"color: #000000;\">No son de gravedad<\/span><\/strong><\/p>\n<p><span style=\"color: #000000;\">El titular de Salud afirm\u00f3: \u00abFelizmente los casos que se han presentado no son de gravedad, son casos leves a moderados que han tenido buena evoluci\u00f3n [&#8230;]. Ni siquiera fue necesario hospitalizarlos, solamente aislar, hacer el seguimiento, dar el tratamiento y eso ha sido suficiente para controlar estos casos\u00bb.<\/span><\/p>\n<p><span style=\"color: #000000;\">Manifest\u00f3, no obstante, que seg\u00fan la informaci\u00f3n internacional se sabe que la variante delta es m\u00e1s transmisible y que ya es predominante en Inglaterra (m\u00e1s del 60 %), Estados Unidos y otros pa\u00edses.<\/span><\/p>\n<p><span style=\"color: #000000;\">\u00abPor lo tanto, debemos prepararnos para un posible cambio en la presencia de las variantes. Hasta el momento, la variante C.37 \u2014conocida como andina\u2014, la que predomina en el Per\u00fa, pero es posible que en un futuro cercano la variante delta pase a predominar\u00bb, remarc\u00f3.<\/span><\/p>\n<p><span style=\"color: #000000;\">\u00d3scar Ugarte y el titular del Interior, Jos\u00e9 Elice, participaron en la conferencia de prensa ofrecida por la jefe del Gabinete Ministerial, Violeta Berm\u00fadez, para informar los acuerdos adoptados durante el Consejo de Ministros.<\/span><\/p>\n","protected":false},"excerpt":{"rendered":"<p>Al inicio de la pandemia de la covid-19 solo hab\u00eda de ocho a nueve, se\u00f1ala el ministro \u00d3scar Ugarte Lima, 30 Junio 2021, (ANDINA).- El Gobierno de transici\u00f3n y emergencia dejar\u00e1 en funcionamiento 300 plantas de ox\u00edgeno medicinal como parte de las acciones de previsi\u00f3n ante una eventual tercera ola de la covid-19, afirm\u00f3 hoy [&hellip;]<\/p>\n","protected":false},"author":1,"featured_media":101327,"comment_status":"closed","ping_status":"closed","sticky":false,"template":"","format":"standard","meta":{"rop_custom_images_group":[],"rop_custom_messages_group":[],"rop_publish_now":"initial","rop_publish_now_accounts":[],"rop_publish_now_history":[],"rop_publish_now_status":"pending","footnotes":""},"categories":[10],"tags":[],"class_list":["post-101326","post","type-post","status-publish","format-standard","has-post-thumbnail","hentry","category-actualidad-municipal"],"_links":{"self":[{"href":"https:\/\/elinformanteperu.com\/index.php\/wp-json\/wp\/v2\/posts\/101326","targetHints":{"allow":["GET"]}}],"collection":[{"href":"https:\/\/elinformanteperu.com\/index.php\/wp-json\/wp\/v2\/posts"}],"about":[{"href":"https:\/\/elinformanteperu.com\/index.php\/wp-json\/wp\/v2\/types\/post"}],"author":[{"embeddable":true,"href":"https:\/\/elinformanteperu.com\/index.php\/wp-json\/wp\/v2\/users\/1"}],"replies":[{"embeddable":true,"href":"https:\/\/elinformanteperu.com\/index.php\/wp-json\/wp\/v2\/comments?post=101326"}],"version-history":[{"count":1,"href":"https:\/\/elinformanteperu.com\/index.php\/wp-json\/wp\/v2\/posts\/101326\/revisions"}],"predecessor-version":[{"id":101328,"href":"https:\/\/elinformanteperu.com\/index.php\/wp-json\/wp\/v2\/posts\/101326\/revisions\/101328"}],"wp:featuredmedia":[{"embeddable":true,"href":"https:\/\/elinformanteperu.com\/index.php\/wp-json\/wp\/v2\/media\/101327"}],"wp:attachment":[{"href":"https:\/\/elinformanteperu.com\/index.php\/wp-json\/wp\/v2\/media?parent=101326"}],"wp:term":[{"taxonomy":"category","embeddable":true,"href":"https:\/\/elinformanteperu.com\/index.php\/wp-json\/wp\/v2\/categories?post=101326"},{"taxonomy":"post_tag","embeddable":true,"href":"https:\/\/elinformanteperu.com\/index.php\/wp-json\/wp\/v2\/tags?post=101326"}],"curies":[{"name":"wp","href":"https:\/\/api.w.org\/{rel}","templated":true}]}}