{"id":101315,"date":"2021-06-30T23:34:49","date_gmt":"2021-07-01T04:34:49","guid":{"rendered":"https:\/\/elinformanteperu.com\/?p=101315"},"modified":"2021-06-30T23:34:49","modified_gmt":"2021-07-01T04:34:49","slug":"cusco-inauguran-represa-en-calca-que-beneficia-a-mas-de-2000-pobladores","status":"publish","type":"post","link":"https:\/\/elinformanteperu.com\/index.php\/2021\/06\/30\/cusco-inauguran-represa-en-calca-que-beneficia-a-mas-de-2000-pobladores\/","title":{"rendered":"Cusco: inauguran represa en Calca que beneficia a m\u00e1s de 2,000 pobladores"},"content":{"rendered":"<p><strong><span style=\"color: #000000;\">Adem\u00e1s, construir\u00e1n zanjas de infiltraci\u00f3n y desarrollar\u00e1n campa\u00f1as forestales para un mejor manejo del agua<\/span><\/strong><\/p>\n<p><span style=\"color: #000000;\"><strong>Calca, 30 Junio 2021, (ANDINA).-<\/strong> El gobierno regional de Cusco, mediante el Instituto de Manejo de Agua y Medio Ambiente (IMA), entreg\u00f3 la represa de Marhuay que almacenar\u00e1 m\u00e1s de 300,000 metros c\u00fabicos de agua para diversos usos en beneficio de m\u00e1s de 2,000 pobladores de las comunidades de Coya Qosqo y Coya Runa del distrito de Coya, en la provincia cusque\u00f1a de Calca.<\/span><\/p>\n<p><span style=\"color: #000000;\">Esta obra es parte del proyecto de adaptaci\u00f3n al cambio clim\u00e1tico, siembra y cosecha de agua &#8216;Manejo y gesti\u00f3n sostenible de cosecha de agua en ecosistemas lacustres alto andinos en la cuenca del Vilcanota: Calca-Urubamba&#8217;. Con este plan se busca recuperar los ecosistemas y asegurar agua para las futuras generaciones.<\/span><\/p>\n<p><span style=\"color: #000000;\">El director ejecutivo del IMA, ingeniero Luis Lov\u00f3n Salcedo, resalt\u00f3 la importancia del trabajo articulado, debido a sus buenos resultados para la cristalizaci\u00f3n de este proyecto. Se\u00f1al\u00f3 tambi\u00e9n que \u201cse implementar\u00e1 un sistema de monitoreo en todas las presas de la regi\u00f3n, con el fin de tener la informaci\u00f3n para conocer el incremento del espejo de agua\u201d.<\/span><\/p>\n<p><span style=\"color: #000000;\">Adem\u00e1s de la construcci\u00f3n de la represa, se har\u00e1n zanjas que permitir\u00e1n la filtraci\u00f3n del agua al subsuelo para la recarga de los acu\u00edferos. Asimismo, se desarrollaron campa\u00f1as forestales para sembrar plantas nativas y, al mismo tiempo, se fortalecieron las capacidades de los usuarios para un manejo adecuado del recurso h\u00eddrico.<\/span><\/p>\n","protected":false},"excerpt":{"rendered":"<p>Adem\u00e1s, construir\u00e1n zanjas de infiltraci\u00f3n y desarrollar\u00e1n campa\u00f1as forestales para un mejor manejo del agua Calca, 30 Junio 2021, (ANDINA).- El gobierno regional de Cusco, mediante el Instituto de Manejo de Agua y Medio Ambiente (IMA), entreg\u00f3 la represa de Marhuay que almacenar\u00e1 m\u00e1s de 300,000 metros c\u00fabicos de agua para diversos usos en beneficio [&hellip;]<\/p>\n","protected":false},"author":1,"featured_media":101316,"comment_status":"closed","ping_status":"closed","sticky":false,"template":"","format":"standard","meta":{"rop_custom_images_group":[],"rop_custom_messages_group":[],"rop_publish_now":"initial","rop_publish_now_accounts":[],"rop_publish_now_history":[],"rop_publish_now_status":"pending","footnotes":""},"categories":[10],"tags":[1226],"class_list":["post-101315","post","type-post","status-publish","format-standard","has-post-thumbnail","hentry","category-actualidad-municipal","tag-cusco"],"_links":{"self":[{"href":"https:\/\/elinformanteperu.com\/index.php\/wp-json\/wp\/v2\/posts\/101315","targetHints":{"allow":["GET"]}}],"collection":[{"href":"https:\/\/elinformanteperu.com\/index.php\/wp-json\/wp\/v2\/posts"}],"about":[{"href":"https:\/\/elinformanteperu.com\/index.php\/wp-json\/wp\/v2\/types\/post"}],"author":[{"embeddable":true,"href":"https:\/\/elinformanteperu.com\/index.php\/wp-json\/wp\/v2\/users\/1"}],"replies":[{"embeddable":true,"href":"https:\/\/elinformanteperu.com\/index.php\/wp-json\/wp\/v2\/comments?post=101315"}],"version-history":[{"count":1,"href":"https:\/\/elinformanteperu.com\/index.php\/wp-json\/wp\/v2\/posts\/101315\/revisions"}],"predecessor-version":[{"id":101317,"href":"https:\/\/elinformanteperu.com\/index.php\/wp-json\/wp\/v2\/posts\/101315\/revisions\/101317"}],"wp:featuredmedia":[{"embeddable":true,"href":"https:\/\/elinformanteperu.com\/index.php\/wp-json\/wp\/v2\/media\/101316"}],"wp:attachment":[{"href":"https:\/\/elinformanteperu.com\/index.php\/wp-json\/wp\/v2\/media?parent=101315"}],"wp:term":[{"taxonomy":"category","embeddable":true,"href":"https:\/\/elinformanteperu.com\/index.php\/wp-json\/wp\/v2\/categories?post=101315"},{"taxonomy":"post_tag","embeddable":true,"href":"https:\/\/elinformanteperu.com\/index.php\/wp-json\/wp\/v2\/tags?post=101315"}],"curies":[{"name":"wp","href":"https:\/\/api.w.org\/{rel}","templated":true}]}}