{"id":101307,"date":"2021-06-30T23:18:47","date_gmt":"2021-07-01T04:18:47","guid":{"rendered":"https:\/\/elinformanteperu.com\/?p=101307"},"modified":"2021-06-30T23:18:47","modified_gmt":"2021-07-01T04:18:47","slug":"black-widow-de-marvel-tuvo-su-premiere-con-fans","status":"publish","type":"post","link":"https:\/\/elinformanteperu.com\/index.php\/2021\/06\/30\/black-widow-de-marvel-tuvo-su-premiere-con-fans\/","title":{"rendered":"\u00abBlack Widow\u00bb de Marvel tuvo su premiere con fans"},"content":{"rendered":"<p><strong><span style=\"color: #000000;\">Cinta protagonizada por Scarlett Johansson estrenar\u00e1 el pr\u00f3ximo 9 de julio en Disney+ a trav\u00e9s de Premier Access.<\/span><\/strong><\/p>\n<p><span style=\"color: #000000;\"><strong>Lima, 30 Junio 2021, (El Informante Per\u00fa).-<\/strong> Los fan\u00e1ticos de Melbourne, Londres, Nueva York y Los \u00c1ngeles celebraron a Natasha Romanoff, tambi\u00e9n conocida como Black Widow, en cuatro eventos que incluyeron una proyecci\u00f3n anticipada de Black Widow de Marvel Studios y una aparici\u00f3n sorpresa en la pantalla grande: de la propia Natasha, Scarlett Johansson.<\/span><\/p>\n<p><a href=\"https:\/\/elinformanteperu.com\/wp-content\/uploads\/2021\/06\/Black-Widow-evento-fans.jpg\"><img fetchpriority=\"high\" decoding=\"async\" class=\"alignnone size-full wp-image-101309\" src=\"https:\/\/elinformanteperu.com\/wp-content\/uploads\/2021\/06\/Black-Widow-evento-fans.jpg\" alt=\"\" width=\"474\" height=\"340\" srcset=\"https:\/\/elinformanteperu.com\/wp-content\/uploads\/2021\/06\/Black-Widow-evento-fans.jpg 474w, https:\/\/elinformanteperu.com\/wp-content\/uploads\/2021\/06\/Black-Widow-evento-fans-300x215.jpg 300w\" sizes=\"(max-width: 474px) 100vw, 474px\" \/><\/a><\/p>\n<p><span style=\"color: #000000;\">La audiencia en Melbourne particip\u00f3 de una sesi\u00f3n de preguntas y respuestas con la directora, Cate Shortland, mientras que Florence Pugh salud\u00f3 a los asistentes en Londres. David Harbour particip\u00f3 de la alfombra roja en Nueva York, y el productor Kevin Feige, Presidente y Chief Creative Officer de Marvel Studios, se uni\u00f3 a los productores ejecutivos Victoria Alonso y Brad Winderbaum, y al coproductor Brian Chapek en Hollywood.<\/span><\/p>\n<p><a href=\"https:\/\/elinformanteperu.com\/wp-content\/uploads\/2021\/06\/Black-Widow-evento-fans2.jpg\"><img decoding=\"async\" class=\"alignnone size-full wp-image-101310\" src=\"https:\/\/elinformanteperu.com\/wp-content\/uploads\/2021\/06\/Black-Widow-evento-fans2.jpg\" alt=\"\" width=\"498\" height=\"332\" srcset=\"https:\/\/elinformanteperu.com\/wp-content\/uploads\/2021\/06\/Black-Widow-evento-fans2.jpg 498w, https:\/\/elinformanteperu.com\/wp-content\/uploads\/2021\/06\/Black-Widow-evento-fans2-300x200.jpg 300w\" sizes=\"(max-width: 498px) 100vw, 498px\" \/><\/a><\/p>\n<p><span style=\"color: #000000;\">Black Widow, la primera pel\u00edcula de la Fase Cuatro del Universo Cinematogr\u00e1fico de Marvel, se estrenar\u00e1 el pr\u00f3ximo 9 de julio a trav\u00e9s de Disney+ mediante el servicio de Premier Access que requiere un pago \u00fanico adicional. Posteriormente ingresar\u00e1 a la popular plataforma virtual de Disney+.<\/span><\/p>\n<p><a href=\"https:\/\/elinformanteperu.com\/wp-content\/uploads\/2021\/06\/Black-Widow-evento-fans-afiche.jpg\"><img decoding=\"async\" class=\"size-full wp-image-101311 aligncenter\" src=\"https:\/\/elinformanteperu.com\/wp-content\/uploads\/2021\/06\/Black-Widow-evento-fans-afiche.jpg\" alt=\"\" width=\"349\" height=\"457\" srcset=\"https:\/\/elinformanteperu.com\/wp-content\/uploads\/2021\/06\/Black-Widow-evento-fans-afiche.jpg 349w, https:\/\/elinformanteperu.com\/wp-content\/uploads\/2021\/06\/Black-Widow-evento-fans-afiche-229x300.jpg 229w\" sizes=\"(max-width: 349px) 100vw, 349px\" \/><\/a><\/p>\n","protected":false},"excerpt":{"rendered":"<p>Cinta protagonizada por Scarlett Johansson estrenar\u00e1 el pr\u00f3ximo 9 de julio en Disney+ a trav\u00e9s de Premier Access. Lima, 30 Junio 2021, (El Informante Per\u00fa).- Los fan\u00e1ticos de Melbourne, Londres, Nueva York y Los \u00c1ngeles celebraron a Natasha Romanoff, tambi\u00e9n conocida como Black Widow, en cuatro eventos que incluyeron una proyecci\u00f3n anticipada de Black Widow [&hellip;]<\/p>\n","protected":false},"author":1,"featured_media":101308,"comment_status":"closed","ping_status":"closed","sticky":false,"template":"","format":"standard","meta":{"rop_custom_images_group":[],"rop_custom_messages_group":[],"rop_publish_now":"initial","rop_publish_now_accounts":[],"rop_publish_now_history":[],"rop_publish_now_status":"pending","footnotes":""},"categories":[7],"tags":[5095,6053,242,683],"class_list":["post-101307","post","type-post","status-publish","format-standard","has-post-thumbnail","hentry","category-butaca","tag-black-widow","tag-disney-plus","tag-marvel","tag-scarlett-johansson"],"_links":{"self":[{"href":"https:\/\/elinformanteperu.com\/index.php\/wp-json\/wp\/v2\/posts\/101307","targetHints":{"allow":["GET"]}}],"collection":[{"href":"https:\/\/elinformanteperu.com\/index.php\/wp-json\/wp\/v2\/posts"}],"about":[{"href":"https:\/\/elinformanteperu.com\/index.php\/wp-json\/wp\/v2\/types\/post"}],"author":[{"embeddable":true,"href":"https:\/\/elinformanteperu.com\/index.php\/wp-json\/wp\/v2\/users\/1"}],"replies":[{"embeddable":true,"href":"https:\/\/elinformanteperu.com\/index.php\/wp-json\/wp\/v2\/comments?post=101307"}],"version-history":[{"count":1,"href":"https:\/\/elinformanteperu.com\/index.php\/wp-json\/wp\/v2\/posts\/101307\/revisions"}],"predecessor-version":[{"id":101312,"href":"https:\/\/elinformanteperu.com\/index.php\/wp-json\/wp\/v2\/posts\/101307\/revisions\/101312"}],"wp:featuredmedia":[{"embeddable":true,"href":"https:\/\/elinformanteperu.com\/index.php\/wp-json\/wp\/v2\/media\/101308"}],"wp:attachment":[{"href":"https:\/\/elinformanteperu.com\/index.php\/wp-json\/wp\/v2\/media?parent=101307"}],"wp:term":[{"taxonomy":"category","embeddable":true,"href":"https:\/\/elinformanteperu.com\/index.php\/wp-json\/wp\/v2\/categories?post=101307"},{"taxonomy":"post_tag","embeddable":true,"href":"https:\/\/elinformanteperu.com\/index.php\/wp-json\/wp\/v2\/tags?post=101307"}],"curies":[{"name":"wp","href":"https:\/\/api.w.org\/{rel}","templated":true}]}}