{"id":101304,"date":"2021-06-30T22:24:49","date_gmt":"2021-07-01T03:24:49","guid":{"rendered":"https:\/\/elinformanteperu.com\/?p=101304"},"modified":"2021-06-30T22:24:49","modified_gmt":"2021-07-01T03:24:49","slug":"seleccion-peruana-trabajo-en-la-parte-tactica-para-mostrar-lo-mejor-ante-paraguay","status":"publish","type":"post","link":"https:\/\/elinformanteperu.com\/index.php\/2021\/06\/30\/seleccion-peruana-trabajo-en-la-parte-tactica-para-mostrar-lo-mejor-ante-paraguay\/","title":{"rendered":"Selecci\u00f3n peruana trabaj\u00f3 en la parte t\u00e1ctica para mostrar lo mejor ante Paraguay"},"content":{"rendered":"<p><strong><span style=\"color: #000000;\">Los 26 futbolistas nacionales estuvieron a la orden del t\u00e9cnico Ricardo Gareca<\/span><\/strong><\/p>\n<p><span style=\"color: #000000;\"><strong>Goiania, 30 Junio 2021, (ANDINA).-<\/strong> La selecci\u00f3n peruana volvi\u00f3 a entrenar por segundo d\u00eda consecutivo en Goiania con la mira puesta en el duelo de cuartos de final ante Paraguay, que se disputar\u00e1 el viernes 2 de julio, a las 16:00 horas de Per\u00fa.<\/span><\/p>\n<p><span style=\"color: #000000;\">Los 26 futbolistas realizaron trabajos t\u00e1cticos en el campo del CT Atl\u00e9tico Goianense bajo la atenta mirada de Ricardo Gareca y del comando t\u00e9cnico.<\/span><\/p>\n<p><span style=\"color: #000000;\">Con relaci\u00f3n a Alexander Callens, el defensa nacional se recupera de una contractura muscular y todos conf\u00edan en que pueda ser considerado para el choque ante los paraguayos.<\/span><\/p>\n<p><span style=\"color: #000000;\">Per\u00fa enfrentar\u00e1 a la Albirroja este viernes 2 de julio a las 16:00 horas por los cuartos de final de la Copa Am\u00e9rica 2021.<\/span><\/p>\n<p><span style=\"color: #000000;\">El escenario del encuentro ser\u00e1 el Ol\u00edmpico de Goiania, donde nuestra selecci\u00f3n enfrent\u00f3 a Colombia y Ecuador en la fase de grupos.<\/span><\/p>\n<blockquote class=\"twitter-tweet\">\n<p dir=\"ltr\" lang=\"es\">\u00a1Seguimos con la preparaci\u00f3n! \ud83e\udd1c\ud83e\udd1b<\/p>\n<p>Nuestra <a href=\"https:\/\/twitter.com\/SeleccionPeru?ref_src=twsrc%5Etfw\">@SeleccionPeru<\/a> \ud83c\uddf5\ud83c\uddea trabaj\u00f3 por segundo d\u00eda consecutivo en Goiania con la mira puesta en el duelo ante la <a href=\"https:\/\/twitter.com\/Albirroja?ref_src=twsrc%5Etfw\">@Albirroja<\/a> \ud83c\uddf5\ud83c\uddfe por cuartos de final.<\/p>\n<p>M\u00e1s informaci\u00f3n \u25b6\ufe0f <a href=\"https:\/\/t.co\/3cR6eYOM8X\">https:\/\/t.co\/3cR6eYOM8X<\/a><a href=\"https:\/\/twitter.com\/hashtag\/UnidosPorNuestrosColores?src=hash&amp;ref_src=twsrc%5Etfw\">#UnidosPorNuestrosColores<\/a><a href=\"https:\/\/twitter.com\/hashtag\/ArribaPer%C3%BA?src=hash&amp;ref_src=twsrc%5Etfw\">#ArribaPer\u00fa<\/a> \ud83d\udcaa <a href=\"https:\/\/t.co\/ADg2trUxv2\">pic.twitter.com\/ADg2trUxv2<\/a><\/p>\n<p>\u2014 Selecci\u00f3n Peruana \ud83c\uddf5\ud83c\uddea (@SeleccionPeru) <a href=\"https:\/\/twitter.com\/SeleccionPeru\/status\/1410273023974952961?ref_src=twsrc%5Etfw\">June 30, 2021<\/a><\/p><\/blockquote>\n<p><script async src=\"https:\/\/platform.twitter.com\/widgets.js\" charset=\"utf-8\"><\/script><\/p>\n","protected":false},"excerpt":{"rendered":"<p>Los 26 futbolistas nacionales estuvieron a la orden del t\u00e9cnico Ricardo Gareca Goiania, 30 Junio 2021, (ANDINA).- La selecci\u00f3n peruana volvi\u00f3 a entrenar por segundo d\u00eda consecutivo en Goiania con la mira puesta en el duelo de cuartos de final ante Paraguay, que se disputar\u00e1 el viernes 2 de julio, a las 16:00 horas de [&hellip;]<\/p>\n","protected":false},"author":1,"featured_media":101305,"comment_status":"closed","ping_status":"closed","sticky":false,"template":"","format":"standard","meta":{"rop_custom_images_group":[],"rop_custom_messages_group":[],"rop_publish_now":"initial","rop_publish_now_accounts":[],"rop_publish_now_history":[],"rop_publish_now_status":"pending","footnotes":""},"categories":[8],"tags":[6044,6141],"class_list":["post-101304","post","type-post","status-publish","format-standard","has-post-thumbnail","hentry","category-disciplinas-deportivas","tag-copa-america-2021","tag-peru-paraguay"],"_links":{"self":[{"href":"https:\/\/elinformanteperu.com\/index.php\/wp-json\/wp\/v2\/posts\/101304","targetHints":{"allow":["GET"]}}],"collection":[{"href":"https:\/\/elinformanteperu.com\/index.php\/wp-json\/wp\/v2\/posts"}],"about":[{"href":"https:\/\/elinformanteperu.com\/index.php\/wp-json\/wp\/v2\/types\/post"}],"author":[{"embeddable":true,"href":"https:\/\/elinformanteperu.com\/index.php\/wp-json\/wp\/v2\/users\/1"}],"replies":[{"embeddable":true,"href":"https:\/\/elinformanteperu.com\/index.php\/wp-json\/wp\/v2\/comments?post=101304"}],"version-history":[{"count":1,"href":"https:\/\/elinformanteperu.com\/index.php\/wp-json\/wp\/v2\/posts\/101304\/revisions"}],"predecessor-version":[{"id":101306,"href":"https:\/\/elinformanteperu.com\/index.php\/wp-json\/wp\/v2\/posts\/101304\/revisions\/101306"}],"wp:featuredmedia":[{"embeddable":true,"href":"https:\/\/elinformanteperu.com\/index.php\/wp-json\/wp\/v2\/media\/101305"}],"wp:attachment":[{"href":"https:\/\/elinformanteperu.com\/index.php\/wp-json\/wp\/v2\/media?parent=101304"}],"wp:term":[{"taxonomy":"category","embeddable":true,"href":"https:\/\/elinformanteperu.com\/index.php\/wp-json\/wp\/v2\/categories?post=101304"},{"taxonomy":"post_tag","embeddable":true,"href":"https:\/\/elinformanteperu.com\/index.php\/wp-json\/wp\/v2\/tags?post=101304"}],"curies":[{"name":"wp","href":"https:\/\/api.w.org\/{rel}","templated":true}]}}